{"id":27674,"date":"2016-09-01T14:23:38","date_gmt":"2016-09-01T14:23:38","guid":{"rendered":"http:\/\/plazajuarez.mx\/index\/index.php\/2016\/09\/01\/trump-hablara-con-pena-sobre-construir-el-muro\/"},"modified":"2016-09-01T14:23:38","modified_gmt":"2016-09-01T14:23:38","slug":"trump-hablara-con-pena-sobre-construir-el-muro","status":"publish","type":"post","link":"https:\/\/plazajuarez.mx\/historico\/trump-hablara-con-pena-sobre-construir-el-muro\/","title":{"rendered":"Trump hablar\u00e1 con Pe\u00f1a sobre construir el muro"},"content":{"rendered":"<p>\u00a0Dijo Mike Pence, compa\u00f1ero de f\u00f3rmula de Trump<\/p>\n<p>  <!--more-->  <\/p>\n<p>Durante la reuni\u00f3n de ayer entre el presidente de M\u00e9xico, Enrique Pe\u00f1a Nieto y Donald Trump, &#8220;ser\u00e1 claro sobre la prioridad de construir un muro&#8221;, se\u00f1al\u00f3 Mike Pence, compa\u00f1ero de f\u00f3rmula de Trump, y gobernador de Indiana.<br \/>Entrevistado por CNN en EU, Pence destac\u00f3 que &#8220;hoy es el inicio de la conversaci\u00f3n y el inicio de la relaci\u00f3n&#8221; entre Pe\u00f1a y Trump. &#8220;Como cualquier buen l\u00edder sabe que una buena negociaci\u00f3n empieza con una buena relaci\u00f3n&#8221;,<br \/>Sin embargo, Pence fue muy claro sobre los temas que el candidato republicano pondr\u00e1 sobre la mesa durante la reuni\u00f3n con el presidente mexicano, quien realiz\u00f3 la invitaci\u00f3n la semana pasada.<br \/>Trump hablar\u00e1 con Pe\u00f1a sobre la seguridad en la frontera, la construcci\u00f3n de un muro, inmigraci\u00f3n, el tr\u00e1fico de drogas y tr\u00e1fico humano en la frontera, seg\u00fan Pence.<br \/>&#8220;No s\u00e9 exactamente qu\u00e9 har\u00e1 Hillary Clinton, creo que estar\u00e1 en Cincinnati, pero los americanos pueden ver el contraste con Donald Trump que tiene un invitaci\u00f3n de un l\u00edder mundial&#8221;, indic\u00f3 el gobernador de Indiana.<br \/>Del discurso sobre migraci\u00f3n que dar\u00e1 Trump esta noche en Arizona, Pence dijo que hablar\u00e1 &#8220;muy honestamente&#8221;. Se prev\u00e9 que el tema.<\/p>\n","protected":false},"excerpt":{"rendered":"<p>\u00a0Dijo Mike Pence, compa\u00f1ero de f\u00f3rmula de Trump<\/p>\n","protected":false},"author":93,"featured_media":0,"comment_status":"open","ping_status":"open","sticky":false,"template":"","format":"standard","meta":{"footnotes":""},"categories":[36],"tags":[],"class_list":["post-27674","post","type-post","status-publish","format-standard","hentry","category-nacion"],"_links":{"self":[{"href":"https:\/\/plazajuarez.mx\/historico\/wp-json\/wp\/v2\/posts\/27674","targetHints":{"allow":["GET"]}}],"collection":[{"href":"https:\/\/plazajuarez.mx\/historico\/wp-json\/wp\/v2\/posts"}],"about":[{"href":"https:\/\/plazajuarez.mx\/historico\/wp-json\/wp\/v2\/types\/post"}],"author":[{"embeddable":true,"href":"https:\/\/plazajuarez.mx\/historico\/wp-json\/wp\/v2\/users\/93"}],"replies":[{"embeddable":true,"href":"https:\/\/plazajuarez.mx\/historico\/wp-json\/wp\/v2\/comments?post=27674"}],"version-history":[{"count":0,"href":"https:\/\/plazajuarez.mx\/historico\/wp-json\/wp\/v2\/posts\/27674\/revisions"}],"wp:attachment":[{"href":"https:\/\/plazajuarez.mx\/historico\/wp-json\/wp\/v2\/media?parent=27674"}],"wp:term":[{"taxonomy":"category","embeddable":true,"href":"https:\/\/plazajuarez.mx\/historico\/wp-json\/wp\/v2\/categories?post=27674"},{"taxonomy":"post_tag","embeddable":true,"href":"https:\/\/plazajuarez.mx\/historico\/wp-json\/wp\/v2\/tags?post=27674"}],"curies":[{"name":"wp","href":"https:\/\/api.w.org\/{rel}","templated":true}]}}