{"id":27671,"date":"2016-09-01T14:21:40","date_gmt":"2016-09-01T14:21:40","guid":{"rendered":"http:\/\/plazajuarez.mx\/index\/index.php\/2016\/09\/01\/insolita-reunion-pena-nieto-trump-tras-meses-de-ataques-a-mexico\/"},"modified":"2016-09-01T14:21:40","modified_gmt":"2016-09-01T14:21:40","slug":"insolita-reunion-pena-nieto-trump-tras-meses-de-ataques-a-mexico","status":"publish","type":"post","link":"https:\/\/plazajuarez.mx\/historico\/insolita-reunion-pena-nieto-trump-tras-meses-de-ataques-a-mexico\/","title":{"rendered":"Ins\u00f3lita reuni\u00f3n Pe\u00f1a Nieto-Trump, tras meses de ataques a M\u00e9xico"},"content":{"rendered":"<p>\u25cf\u00a0\u00a0\u00a0 Trump busca mejorar su imagen horas antes de su discurso sobre inmigraci\u00f3n; la visita rel\u00e1mpago responde a una invitaci\u00f3n de Pe\u00f1a Nieto<\/p>\n<p>  <!--more-->  <\/p>\n<p>El golpe de efecto fue acogido con perplejidad por la diplomacia mexicana. Ni la Presidencia ni la Secretar\u00eda de Relaciones Exteriores confirmaron la visita rel\u00e1mpago y, fuera de los focos, subrayaron que una reuni\u00f3n con el presidente de M\u00e9xico no se improvisaba de un d\u00eda para otro. Pero a las pocas horas, esta actitud cambi\u00f3 radicalmente. A trav\u00e9s de Twitter, Pe\u00f1a Nieto\u2026 confirm\u00f3 la reuni\u00f3n.<br \/>Donald Trump dio el golpe sorpresa. Horas antes de su gran discurso contra la inmigraci\u00f3n, el multimillonario republicano blanquear\u00e1 su imagen con un viaje rel\u00e1mpago a M\u00e9xico. Aunque se trate de una visita privada, la reuni\u00f3n de ayer con el presidente Enrique Pe\u00f1a Nieto muestra a las claras la habilidad de Trump para apropiarse del escenario pol\u00edtico y le proporciona una inesperada plataforma desde la que recuperar un terreno donde las encuestas marcaban un inexorable deterioro. <br \/>M\u00e1s dif\u00edcil ser\u00e1 la digesti\u00f3n para M\u00e9xico, cuya opini\u00f3n p\u00fablica, escaldada por la xenofobia y los vituperios del republicano, ver\u00e1 c\u00f3mo su presidente le da la mano al hombre que ha pedido construir un muro para separar ambos pa\u00edses. \u201cCreo en el di\u00e1logo para promover los intereses de M\u00e9xico en el mundo y, principalmente, para proteger a los mexicanos donde quiera que est\u00e9n\u201d, se justific\u00f3 Pe\u00f1a Nieto en Twitter.<br \/>La reuni\u00f3n se celebrar\u00e1 horas antes del \u201cgran discurso\u201d que Trump ha anunciado que dar\u00e1 en Phoenix (Arizona) sobre inmigraci\u00f3n, uno de los pilares de la campa\u00f1a del republicano y que se basa, al menos hasta ahora, en propuestas como la construcci\u00f3n de un muro con M\u00e9xico para impedir la entrada de inmigrantes indocumentados. <br \/>Durante el a\u00f1o largo que lleva en campa\u00f1a, Trump ha calificado a los migrantes procedentes del pa\u00eds vecino como \u201ccriminales\u201d y hasta \u201cvioladores\u201d y ha criticado duramente el tratado de libre comercio con M\u00e9xico y Canad\u00e1 por el da\u00f1o que afirma hace en los trabajadores estadounidenses.<\/p>\n","protected":false},"excerpt":{"rendered":"<p>\u25cf\u00a0\u00a0\u00a0 Trump busca mejorar su imagen horas antes de su discurso sobre inmigraci\u00f3n; la visita rel\u00e1mpago responde a una invitaci\u00f3n de Pe\u00f1a Nieto<\/p>\n","protected":false},"author":93,"featured_media":0,"comment_status":"open","ping_status":"open","sticky":false,"template":"","format":"standard","meta":{"footnotes":""},"categories":[31],"tags":[],"class_list":["post-27671","post","type-post","status-publish","format-standard","hentry","category-orbe"],"_links":{"self":[{"href":"https:\/\/plazajuarez.mx\/historico\/wp-json\/wp\/v2\/posts\/27671","targetHints":{"allow":["GET"]}}],"collection":[{"href":"https:\/\/plazajuarez.mx\/historico\/wp-json\/wp\/v2\/posts"}],"about":[{"href":"https:\/\/plazajuarez.mx\/historico\/wp-json\/wp\/v2\/types\/post"}],"author":[{"embeddable":true,"href":"https:\/\/plazajuarez.mx\/historico\/wp-json\/wp\/v2\/users\/93"}],"replies":[{"embeddable":true,"href":"https:\/\/plazajuarez.mx\/historico\/wp-json\/wp\/v2\/comments?post=27671"}],"version-history":[{"count":0,"href":"https:\/\/plazajuarez.mx\/historico\/wp-json\/wp\/v2\/posts\/27671\/revisions"}],"wp:attachment":[{"href":"https:\/\/plazajuarez.mx\/historico\/wp-json\/wp\/v2\/media?parent=27671"}],"wp:term":[{"taxonomy":"category","embeddable":true,"href":"https:\/\/plazajuarez.mx\/historico\/wp-json\/wp\/v2\/categories?post=27671"},{"taxonomy":"post_tag","embeddable":true,"href":"https:\/\/plazajuarez.mx\/historico\/wp-json\/wp\/v2\/tags?post=27671"}],"curies":[{"name":"wp","href":"https:\/\/api.w.org\/{rel}","templated":true}]}}