{"id":27666,"date":"2016-09-01T14:18:26","date_gmt":"2016-09-01T14:18:26","guid":{"rendered":"http:\/\/plazajuarez.mx\/index\/index.php\/2016\/09\/01\/futbol-nacional-526\/"},"modified":"2016-09-01T14:18:26","modified_gmt":"2016-09-01T14:18:26","slug":"futbol-nacional-526","status":"publish","type":"post","link":"https:\/\/plazajuarez.mx\/historico\/futbol-nacional-526\/","title":{"rendered":"Futbol Nacional"},"content":{"rendered":"<p>#EN COAPA<br \/>PROTESTAS NO DAN RESULTADOS <br \/>\u00a0La protesta en contra de la continuidad de Ignacio Ambriz en las \u00c1guilas del Am\u00e9rica no ha tenido el \u00e9xito que se esperaba, en el que mucha afici\u00f3n se quej\u00f3 en redes sociales de los resultados.<\/p>\n<p>  <!--more-->  <\/p>\n<p>Hasta las 11:50 horas de este pasado mi\u00e9rcoles, unas 25 personas est\u00e1n afuera de las instalaciones azulcrema de Coapa con alguna pancarta y ning\u00fan grito de consigna.<br \/>\u201cNo nos van a callar regalando boletos #CentenarioDeVerg\u00fcenza\u201d, reza un letrero que portan dos<br \/>fans emplumados.<\/p>\n<p>\u201cOjal\u00e1 que Emilio Azc\u00e1rraga haga su trabajo como due\u00f1o y se preocupe por el Am\u00e9rica\u201d, demanda un personaje identificado como \u201cCaballero \u00c1guila\u201d.<br \/>Dos patrullas vigilan la zona por si se presentaba alg\u00fan incidente en la sede de las \u00c1guilas.<\/p>\n<p>Del mismo modo, la convocatoria para realizar la protesta se hizo mediante redes sociales, mas no ten\u00eda firma y las barras americanistas se deslindaron.<\/p>\n<p>**<br \/>#\u00c1GUILAS<br \/>LOS AZULCREMAS ENFRENTAR\u00c1N A PUMAS EN PARTIDO AMISTOSO <br \/>Am\u00e9rica inform\u00f3 que sostendr\u00e1 un partido amistoso ante Pumas de la UNAM el pr\u00f3ximo 8 de octubre en Los \u00c1ngeles, California.<br \/>\u201cEl Club Am\u00e9rica le extendi\u00f3 una invitaci\u00f3n al Club Pumas de la UNAM, la cual acept\u00f3\u201d, se\u00f1al\u00f3 el club de las \u00c1guilas en un comunicado.<br \/>El juego se disputar\u00e1 en el estadio StubHub Center y es parte de la celebraci\u00f3n del centenario del conjunto azulcrema.<br \/>En la historia del Cl\u00e1sico capitalino ser\u00e1 la primera vez que Am\u00e9rica se enfrente a Pumas en California.<\/p>\n<p>**<br \/>#M\u00c1QUINA CELESTE<br \/>La fecha FIFA no se le da a Cruz Azul<br \/>\u25cf\u00a0\u00a0\u00a0 Las dos veces anteriores que los celestes enfrentaron a las \u00c1guilas despu\u00e9s de un receso as\u00ed, nunca le ha podido ganar.<\/p>\n<p>El martes pasado, Christian Gim\u00e9nez lament\u00f3 que la fecha FIFA haya impedido que el juego entre Cruz Azul y Am\u00e9rica se llevara a cabo este fin de semana, \u201cporque ten\u00edamos una inercia muy buena\u201d. <br \/>El temor del \u201cChaco\u201d tiene fundamentos, pues de las dos veces anteriores que los celestes enfrentaron a las \u00c1guilas despu\u00e9s de un receso as\u00ed, nunca le ha podido ganar.<br \/>Para muestra s\u00f3lo hay que recordar que en la fecha 13 del Apertura 2013, La M\u00e1quina dio cuenta del Atlas con marcador de 2-1. La siguiente semana la Liga par\u00f3 por un juego del Hexagonal Final, en el que destac\u00f3 el triunfo del Tri 2-1 ante Panam\u00e1 en el Azteca, con un gol de Ra\u00fal Jim\u00e9nez.<br \/>Para la fecha 14, los azules se vieron con los azulcremas y en un encuentro en el estadio Azul, el marcador final fue 1-1.<br \/>Una situaci\u00f3n parecida sucedi\u00f3 en el Clausura 2015. El conjunto de La Noria derrot\u00f3 2-1 a los Xolos en el estadio Azul. El torneo se volvi\u00f3 a detener para que la Selecci\u00f3n de Miguel Herrera jugara ante Paraguay, por lo que 15 d\u00edas despu\u00e9s fueron al Azteca y cayeron 1-0.<br \/>El 10 de septiembre volver\u00e1 a jugar con los amarillos. <br \/>CON OTROS TAMPOCO. La fecha FIFA tambi\u00e9n le ha perjudicado a los cementeros con otros clubes de la Liga MX.<\/p>\n<p>**<\/p>\n<p>EL TRI ENFRENTAR\u00c1 A PANAM\u00c1 EL 11 DE OCTUBRE <\/p>\n<p>La Selecci\u00f3n Mexicana de Futbol enfrentar\u00e1 a su similar de Panam\u00e1 en partido amistoso el pr\u00f3ximo 11 de octubre en el estadio Toyota Park, inform\u00f3 la FMF. <br \/>La Federaci\u00f3n Mexicana de Futbol (FMF) se\u00f1al\u00f3 que el encuentro se disputar\u00e1 en Fecha FIFA, por lo que se espera que est\u00e9n los mejores jugadores de ambos representativos.<br \/>El encuentro, el \u00faltimo de la Gira por los Estados Unidos en el 2016, ser\u00e1 clave para ambas escuadras, con miras a las eliminatorias mundialistas de la CONCACAF a disputarse en noviembre.<\/p>\n<p>Actualmente, M\u00e9xico lidera el Grupo A con una marca perfecta de cuatro victorias y ha avanzado a la quinta y \u00faltima ronda conocida como el Hexagonal Final. Panam\u00e1, por su parte, se encuentra en el segundo puesto del Grupo B con una marca de dos victorias, un empate y una derrota.<\/p>\n<p>M\u00e9xico tiene un r\u00e9cord de 10 victorias, cuatro empates y dos derrotas ante Panam\u00e1, ambas selecciones se enfrentaron la \u00faltima vez el 13 de octubre de 2015 en un partido de preparaci\u00f3n que se jug\u00f3 en el estadio \u201cNemesio Diez\u201d en Toluca, donde el local se llev\u00f3 el triunfo por 1-0. <br \/>**<\/p>\n<p>\u00a0<\/p>\n","protected":false},"excerpt":{"rendered":"<p>#EN COAPAPROTESTAS NO DAN RESULTADOS \u00a0La protesta en contra de la continuidad de Ignacio Ambriz en las \u00c1guilas del Am\u00e9rica no ha tenido el \u00e9xito que se esperaba, en el que mucha afici\u00f3n se quej\u00f3 en redes sociales de los resultados.<\/p>\n","protected":false},"author":93,"featured_media":0,"comment_status":"open","ping_status":"open","sticky":false,"template":"","format":"standard","meta":{"footnotes":""},"categories":[39],"tags":[],"class_list":["post-27666","post","type-post","status-publish","format-standard","hentry","category-deportiva"],"_links":{"self":[{"href":"https:\/\/plazajuarez.mx\/historico\/wp-json\/wp\/v2\/posts\/27666","targetHints":{"allow":["GET"]}}],"collection":[{"href":"https:\/\/plazajuarez.mx\/historico\/wp-json\/wp\/v2\/posts"}],"about":[{"href":"https:\/\/plazajuarez.mx\/historico\/wp-json\/wp\/v2\/types\/post"}],"author":[{"embeddable":true,"href":"https:\/\/plazajuarez.mx\/historico\/wp-json\/wp\/v2\/users\/93"}],"replies":[{"embeddable":true,"href":"https:\/\/plazajuarez.mx\/historico\/wp-json\/wp\/v2\/comments?post=27666"}],"version-history":[{"count":0,"href":"https:\/\/plazajuarez.mx\/historico\/wp-json\/wp\/v2\/posts\/27666\/revisions"}],"wp:attachment":[{"href":"https:\/\/plazajuarez.mx\/historico\/wp-json\/wp\/v2\/media?parent=27666"}],"wp:term":[{"taxonomy":"category","embeddable":true,"href":"https:\/\/plazajuarez.mx\/historico\/wp-json\/wp\/v2\/categories?post=27666"},{"taxonomy":"post_tag","embeddable":true,"href":"https:\/\/plazajuarez.mx\/historico\/wp-json\/wp\/v2\/tags?post=27666"}],"curies":[{"name":"wp","href":"https:\/\/api.w.org\/{rel}","templated":true}]}}