{"id":276500,"date":"2023-08-17T15:51:39","date_gmt":"2023-08-17T21:51:39","guid":{"rendered":"https:\/\/plazajuarez.mx\/?p=276500"},"modified":"2023-08-17T15:51:44","modified_gmt":"2023-08-17T21:51:44","slug":"luchamos-por-derechos-por-bienestar-por-democracia-y-por-dignidad-claudia-sheinbaum","status":"publish","type":"post","link":"https:\/\/plazajuarez.mx\/historico\/luchamos-por-derechos-por-bienestar-por-democracia-y-por-dignidad-claudia-sheinbaum\/","title":{"rendered":"Luchamos por derechos, por bienestar, por democracia y por dignidad\u201d: Claudia Sheinbaum"},"content":{"rendered":"\n<p>\u201cSi lo hicimos en la ciudad claro que lo podemos hacer y se trata de dar m\u00e1s espacio a la educaci\u00f3n porque la educaci\u00f3n es un derecho\u2019\u2019, asever\u00f3<\/p>\n\n\n\n<p>\u201cLa unidad en nuestro movimiento es indispensable, pero no solo es la unidad por la unidad, es la unidad con el pueblo de M\u00e9xico porque esa unidad no se puede romper de ninguna manera, porque si no, acabar\u00eda con el movimiento de Transformaci\u00f3n\u201d, record\u00f3<\/p>\n\n\n\n<p><em>\u201cNosotros luchamos por derechos, por bienestar, por democracia y por dignidad, del otro lado, ellos quieren privilegios, ellos quieren que regrese el M\u00e9xico del pasado\u201d<\/em>, resalt\u00f3 Claudia Sheinbaum Pardo durante la Asamblea Informativa que realiz\u00f3 en Iz\u00facar de Matamoros, Puebla, en donde destac\u00f3 que solo con la Transformaci\u00f3n las mexicanas y los mexicanos tienen un mayor acceso los derechos universales.<\/p>\n\n\n\n<p>En esa lucha por los derechos destac\u00f3 el tener acceso a una educaci\u00f3n gratuita como uno de los derechos fundamentales, por el cual ha luchado desde que era estudiante liderando diferentes movimientos estudiantiles y, posteriormente, como jefa de Gobierno de la Ciudad de M\u00e9xico, donde cre\u00f3 universidades gratuitas y otorg\u00f3 becas a todos los alumnos de educaci\u00f3n b\u00e1sica en escuelas p\u00fablicas con programas como \u2018\u2019Bienestar para Ni\u00f1as y Ni\u00f1os. Mi Beca Para Empezar\u2019\u2019.<\/p>\n\n\n\n<p>\u201cSi lo hicimos en la ciudad claro que lo podemos hacer y se trata de dar m\u00e1s espacio a la educaci\u00f3n porque la educaci\u00f3n es un derecho, por eso decimos que la continuidad de la Cuarta Transformaci\u00f3n es fortalecer el derecho a la educaci\u00f3n\u201d.<\/p>\n\n\n\n<p>Reconoci\u00f3 que para lograr la continuidad de la Cuarta Transformaci\u00f3n y su lucha por los derechos es indispensable garantizar la unidad dentro del movimiento, pero sobre todo con el pueblo de M\u00e9xico.<\/p>\n\n\n\n<p>\u201cLa unidad en nuestro movimiento es indispensable, pero no solo es la unidad por la unidad, es la unidad con el pueblo de M\u00e9xico porque esa unidad no se puede romper de ninguna manera, porque si no, acabar\u00eda con el movimiento de Transformaci\u00f3n\u201d.<\/p>\n\n\n\n<p>En contraste, exhibi\u00f3 a la oposici\u00f3n como un grupo que busca regresar al pasado, con personajes como el exgobernador de Tamaulipas, Francisco Javier Garc\u00eda Cabeza de Vaca, que ahora fue nombrado como encargado de seguridad de la oposici\u00f3n.<\/p>\n\n\n\n<p>\u201cAyer dijeron que el que va a estar encargado de la seguridad es el exgobernador de Tamaulipas, que hoy est\u00e1 pr\u00f3fugo en Estados Unidos porque lo andan buscando con una orden de aprehensi\u00f3n, se imaginan lo que significa\u201d, coment\u00f3.<\/p>\n\n\n\n<p>De igual forma, reconoci\u00f3 a mujeres como Zenaida, oriunda Iz\u00facar de Matamoros, quien se destac\u00f3 toda su vida por ser una mujer de izquierda y por tambi\u00e9n luchar a favor de la educaci\u00f3n al donar un terreno para la construcci\u00f3n de una escuela para el municipio de Tehuitzingo, Puebla, por lo que la ex jefa de gobierno asegur\u00f3, que, como ella, hay muchas en el pa\u00eds que son hero\u00ednas desde el anonimato, sin embargo, puntualiz\u00f3 que con la Transformaci\u00f3n ahora son ellas quienes pueden protagonizar los grandes momentos de la historia.<\/p>\n\n\n\n<p>\u201cLa transformaci\u00f3n tambi\u00e9n est\u00e1 con las mujeres y por eso decimos que la transformaci\u00f3n tambi\u00e9n significa tiempo de mujeres\u201d, afirm\u00f3<\/p>\n\n\n\n<p>Record\u00f3 que Iz\u00facar de Matamoros forma parte de su historia como luchadora social, pues camin\u00f3 sus calles para informar sobre la importancia de la Cuarta Transformaci\u00f3n, \u201csiempre voy a tener cerca a Iz\u00facar de Matamoros y al bello estado de Puebla\u201d.<\/p>\n","protected":false},"excerpt":{"rendered":"<p>\u201cSi lo hicimos en la ciudad claro que lo podemos hacer y se trata de dar m\u00e1s espacio a la educaci\u00f3n porque la educaci\u00f3n es un derecho\u2019\u2019, asever\u00f3 \u201cLa unidad en nuestro movimiento es indispensable, pero no solo es la unidad por la unidad, es la unidad con el pueblo de M\u00e9xico porque esa unidad [&hellip;]<\/p>\n","protected":false},"author":93,"featured_media":276498,"comment_status":"closed","ping_status":"closed","sticky":false,"template":"","format":"standard","meta":{"footnotes":""},"categories":[15,36],"tags":[],"class_list":["post-276500","post","type-post","status-publish","format-standard","has-post-thumbnail","hentry","category-destacadas","category-nacion"],"_links":{"self":[{"href":"https:\/\/plazajuarez.mx\/historico\/wp-json\/wp\/v2\/posts\/276500","targetHints":{"allow":["GET"]}}],"collection":[{"href":"https:\/\/plazajuarez.mx\/historico\/wp-json\/wp\/v2\/posts"}],"about":[{"href":"https:\/\/plazajuarez.mx\/historico\/wp-json\/wp\/v2\/types\/post"}],"author":[{"embeddable":true,"href":"https:\/\/plazajuarez.mx\/historico\/wp-json\/wp\/v2\/users\/93"}],"replies":[{"embeddable":true,"href":"https:\/\/plazajuarez.mx\/historico\/wp-json\/wp\/v2\/comments?post=276500"}],"version-history":[{"count":0,"href":"https:\/\/plazajuarez.mx\/historico\/wp-json\/wp\/v2\/posts\/276500\/revisions"}],"wp:featuredmedia":[{"embeddable":true,"href":"https:\/\/plazajuarez.mx\/historico\/wp-json\/wp\/v2\/media\/276498"}],"wp:attachment":[{"href":"https:\/\/plazajuarez.mx\/historico\/wp-json\/wp\/v2\/media?parent=276500"}],"wp:term":[{"taxonomy":"category","embeddable":true,"href":"https:\/\/plazajuarez.mx\/historico\/wp-json\/wp\/v2\/categories?post=276500"},{"taxonomy":"post_tag","embeddable":true,"href":"https:\/\/plazajuarez.mx\/historico\/wp-json\/wp\/v2\/tags?post=276500"}],"curies":[{"name":"wp","href":"https:\/\/api.w.org\/{rel}","templated":true}]}}