{"id":276493,"date":"2023-08-17T15:24:42","date_gmt":"2023-08-17T21:24:42","guid":{"rendered":"https:\/\/plazajuarez.mx\/?p=276493"},"modified":"2023-08-17T15:24:44","modified_gmt":"2023-08-17T21:24:44","slug":"carlos-vives-y-juanes-se-unen-en-las-mujeres-su-primera-colaboracion","status":"publish","type":"post","link":"https:\/\/plazajuarez.mx\/historico\/carlos-vives-y-juanes-se-unen-en-las-mujeres-su-primera-colaboracion\/","title":{"rendered":"Carlos Vives y Juanes se unen en &#8220;Las mujeres&#8221;, su primera colaboraci\u00f3n"},"content":{"rendered":"\n<p>Los cantantes colombianos Carlos Vives y Juanes lanzaron este jueves &#8220;Las Mujeres&#8221;, un cover del cl\u00e1sico vallenato de Carlos Huerta y la primera colaboraci\u00f3n de ambos que une los ritmos m\u00e1s tradicionales del Caribe con el poder de la guitarra el\u00e9ctrica.<\/p>\n\n\n\n<p>&#8220;La verdad es que el solo de Juanes es lo mejor de la canci\u00f3n. Hace tiempo que quer\u00edamos hacer esto y por fin lo hicimos realidad, Juan tambi\u00e9n tiene un gran amor por el vallenato y estoy seguro que lo van a sentir en la canci\u00f3n, esto es puro rock de mi pueblo&#8221;, expres\u00f3 Carlos Vives, citado en un comunicado de su equipo.<\/p>\n\n\n\n<p>Esta adem\u00e1s es la segunda versi\u00f3n que hace el cantante vallenato de esta canci\u00f3n, pues ya hab\u00eda lanzado una en 2009 como parte del \u00e1lbum &#8220;Cl\u00e1sicos de la provincia II&#8221;.<\/p>\n\n\n\n<p>&#8220;Las mujeres&#8221; tambi\u00e9n es el primer adelanto del pr\u00f3ximo \u00e1lbum de Vives, en el que el artista tendr\u00e1 nuevas versiones de cl\u00e1sicos del g\u00e9nero.<\/p>\n\n\n\n<p>Juanes, entre tanto, calific\u00f3 de &#8220;muy importante&#8221; trabajar con Vives, quien ha sido una inspiraci\u00f3n para \u00e9l a la hora de trabajar con &#8220;lo propio, el folclor&#8221; para plasmarlo en su m\u00fasica.<\/p>\n\n\n\n<p>&#8220;Siempre hab\u00eda so\u00f1ado con este momento y estar finalmente haciendo la canci\u00f3n juntos para m\u00ed es un honor muy grande porque hab\u00eda pasado mucho tiempo&#8221;, a\u00f1adi\u00f3 Juanes.<\/p>\n\n\n\n<p>En el videoclip, grabado en Bogot\u00e1, aparecen 25 mujeres de diferentes nacionalidades, entre las que sobresalen la colombiana Mariana Paj\u00f3n, bicampeona ol\u00edmpica de BMX, y la influenciadora venezolana Surthany Hejeij (Surthy Cooks).<\/p>\n\n\n\n<p>Tambi\u00e9n aparecen la dise\u00f1adora L\u00eda Samanta y las filantr\u00f3picas Catalina Escobar y Nadia S\u00e1nchez.<\/p>\n\n\n\n<p>La pieza audiovisual fue dirigida por Sergio Rodr\u00edguez y Felipe Montoya y producida por Isabel Cristina V\u00e1squez.<\/p>\n\n\n\n<p>Tras haber pasado por Per\u00fa, Chile, Argentina, Uruguay y Bolivia, entre otros pa\u00edses, &#8220;El Tour de los 30&#8221; de Vives continuar\u00e1 con conciertos en las ciudades estadounidenses de Nueva York, Chicago, Boston, Washington, Miami, Orlando, Dallas, Houston y Los \u00c1ngeles para terminar el 15 de diciembre con un espect\u00e1culo en el estadio El Camp\u00edn, de Bogot\u00e1.<\/p>\n","protected":false},"excerpt":{"rendered":"<p>Los cantantes colombianos Carlos Vives y Juanes lanzaron este jueves &#8220;Las Mujeres&#8221;, un cover del cl\u00e1sico vallenato de Carlos Huerta y la primera colaboraci\u00f3n de ambos que une los ritmos m\u00e1s tradicionales del Caribe con el poder de la guitarra el\u00e9ctrica. &#8220;La verdad es que el solo de Juanes es lo mejor de la canci\u00f3n. [&hellip;]<\/p>\n","protected":false},"author":80,"featured_media":276494,"comment_status":"closed","ping_status":"closed","sticky":false,"template":"","format":"standard","meta":{"footnotes":""},"categories":[38],"tags":[],"class_list":["post-276493","post","type-post","status-publish","format-standard","has-post-thumbnail","hentry","category-show"],"_links":{"self":[{"href":"https:\/\/plazajuarez.mx\/historico\/wp-json\/wp\/v2\/posts\/276493","targetHints":{"allow":["GET"]}}],"collection":[{"href":"https:\/\/plazajuarez.mx\/historico\/wp-json\/wp\/v2\/posts"}],"about":[{"href":"https:\/\/plazajuarez.mx\/historico\/wp-json\/wp\/v2\/types\/post"}],"author":[{"embeddable":true,"href":"https:\/\/plazajuarez.mx\/historico\/wp-json\/wp\/v2\/users\/80"}],"replies":[{"embeddable":true,"href":"https:\/\/plazajuarez.mx\/historico\/wp-json\/wp\/v2\/comments?post=276493"}],"version-history":[{"count":0,"href":"https:\/\/plazajuarez.mx\/historico\/wp-json\/wp\/v2\/posts\/276493\/revisions"}],"wp:featuredmedia":[{"embeddable":true,"href":"https:\/\/plazajuarez.mx\/historico\/wp-json\/wp\/v2\/media\/276494"}],"wp:attachment":[{"href":"https:\/\/plazajuarez.mx\/historico\/wp-json\/wp\/v2\/media?parent=276493"}],"wp:term":[{"taxonomy":"category","embeddable":true,"href":"https:\/\/plazajuarez.mx\/historico\/wp-json\/wp\/v2\/categories?post=276493"},{"taxonomy":"post_tag","embeddable":true,"href":"https:\/\/plazajuarez.mx\/historico\/wp-json\/wp\/v2\/tags?post=276493"}],"curies":[{"name":"wp","href":"https:\/\/api.w.org\/{rel}","templated":true}]}}