{"id":276197,"date":"2023-08-16T10:18:07","date_gmt":"2023-08-16T16:18:07","guid":{"rendered":"https:\/\/plazajuarez.mx\/?p=276197"},"modified":"2023-08-16T10:18:09","modified_gmt":"2023-08-16T16:18:09","slug":"inauguran-la-cineteca-de-las-artes","status":"publish","type":"post","link":"https:\/\/plazajuarez.mx\/historico\/inauguran-la-cineteca-de-las-artes\/","title":{"rendered":"Inauguran la Cineteca de las Artes"},"content":{"rendered":"\n<p>M\u00e1s de 30 teatros del IMSS, ubicados en la Rep\u00fablica Mexicana, se convertir\u00e1n en espacios para el cine mexicano luego de un convenio de colaboraci\u00f3n del Instituto con la Secretar\u00eda de Cultura.<\/p>\n\n\n\n<p>Ayer martes por la noche, durante la inauguraci\u00f3n de la Cineteca de las Artes, expansi\u00f3n de la Cineteca Nacional, ubicada en el CENART, los titulares Zo\u00e9 Robledo y Alejandra Frausto firmaron el documento ante la asistencia de cineastas como Arturo Ripstein y Alberto Cort\u00e9s.<\/p>\n\n\n\n<p>&#8220;Para que toda la red de teatro puedan ser salas, espacios de cine a partir de cursos, de funciones&#8221;, indic\u00f3 Robledo.<\/p>\n\n\n\n<p>No se especific\u00f3 cuando comenzar\u00e1 la adaptaci\u00f3n, pero si que la programaci\u00f3n estar\u00e1 en colaboraci\u00f3n con la Cineteca Nacional. El anuncio coincide tambi\u00e9n con el D\u00eda del Cine Mexicano y un homenaje a la actriz Mar\u00eda Rojo (&#8220;Mar\u00eda de mi coraz\u00f3n&#8221; y &#8220;La tarea&#8221;), a quien se le cant\u00f3 las ma\u00f1anitas por la celebraci\u00f3n de su cumplea\u00f1os. Rojo agradeci\u00f3 que la nueva sede tendr\u00e1 una sala con su nombre, pero triste record\u00f3 la partida de directores que trabajaron con ella: Felipe Cazals, Jorge Fons y Jaime Humberto Hermosillo.<\/p>\n\n\n\n<p>&#8220;Me pregunto si sin todos ellos que he nombrado y los que ya no est\u00e1n, yo realmente ser\u00eda Mar\u00eda Rojo. No digo m\u00e1s que la verdad, s\u00f3lo piensen, yo soy por ellos y por todos los que trabajaron en las distintas disciplinas del cine&#8221;, expres\u00f3 al tomar el micr\u00f3fono. Luisa Mar\u00eda Alcalde, secretaria de Gobernaci\u00f3n; Leticia Ram\u00edrez, titular de la SEP y Mart\u00ed Batres, jefe de gobierno de la Ciudad de M\u00e9xico, tambi\u00e9n hicieron uso de la palabra durante el evento.<\/p>\n\n\n\n<p>Batres aprovech\u00f3 la coyuntura para recordar &#8220;Canoa&#8221;, filme de Cazals, que recreaba el linchamiento de un grupo de trabajadores universitarios por presuntamente querer difundir el socialismo.&#8221;Al cine mexicano debemos ponderar y retomar. Ahora que est\u00e1 el tema de los libros de texto gratuito, me acord\u00e9 de una gran pel\u00edcula, Canoa, en el cine Regis (derrumbado por el terremoto de 1985).<\/p>\n\n\n\n<p>&#8220;Ah\u00ed por fanatismo linchan a los trabajadores, ahora hay un personaje que dice no leer\u00e1 los libros porque son comunistas&#8221;, apunt\u00f3. Frausto, por su parte, reiter\u00f3 que en los libros del nuevo ciclo escolar habr\u00e1 acceso a cine mexicano. Por apertura, la Cineteca de las Artes tendr\u00e1 acceso gratuito durante toda la primera semana y, despu\u00e9s, por un mes, s\u00f3lo programar\u00e1 cine nacional.<\/p>\n","protected":false},"excerpt":{"rendered":"<p>M\u00e1s de 30 teatros del IMSS, ubicados en la Rep\u00fablica Mexicana, se convertir\u00e1n en espacios para el cine mexicano luego de un convenio de colaboraci\u00f3n del Instituto con la Secretar\u00eda de Cultura. Ayer martes por la noche, durante la inauguraci\u00f3n de la Cineteca de las Artes, expansi\u00f3n de la Cineteca Nacional, ubicada en el CENART, [&hellip;]<\/p>\n","protected":false},"author":81,"featured_media":276198,"comment_status":"closed","ping_status":"closed","sticky":false,"template":"","format":"standard","meta":{"footnotes":""},"categories":[41],"tags":[],"class_list":["post-276197","post","type-post","status-publish","format-standard","has-post-thumbnail","hentry","category-arteria-cultural"],"_links":{"self":[{"href":"https:\/\/plazajuarez.mx\/historico\/wp-json\/wp\/v2\/posts\/276197","targetHints":{"allow":["GET"]}}],"collection":[{"href":"https:\/\/plazajuarez.mx\/historico\/wp-json\/wp\/v2\/posts"}],"about":[{"href":"https:\/\/plazajuarez.mx\/historico\/wp-json\/wp\/v2\/types\/post"}],"author":[{"embeddable":true,"href":"https:\/\/plazajuarez.mx\/historico\/wp-json\/wp\/v2\/users\/81"}],"replies":[{"embeddable":true,"href":"https:\/\/plazajuarez.mx\/historico\/wp-json\/wp\/v2\/comments?post=276197"}],"version-history":[{"count":0,"href":"https:\/\/plazajuarez.mx\/historico\/wp-json\/wp\/v2\/posts\/276197\/revisions"}],"wp:featuredmedia":[{"embeddable":true,"href":"https:\/\/plazajuarez.mx\/historico\/wp-json\/wp\/v2\/media\/276198"}],"wp:attachment":[{"href":"https:\/\/plazajuarez.mx\/historico\/wp-json\/wp\/v2\/media?parent=276197"}],"wp:term":[{"taxonomy":"category","embeddable":true,"href":"https:\/\/plazajuarez.mx\/historico\/wp-json\/wp\/v2\/categories?post=276197"},{"taxonomy":"post_tag","embeddable":true,"href":"https:\/\/plazajuarez.mx\/historico\/wp-json\/wp\/v2\/tags?post=276197"}],"curies":[{"name":"wp","href":"https:\/\/api.w.org\/{rel}","templated":true}]}}