{"id":276066,"date":"2023-08-15T14:17:07","date_gmt":"2023-08-15T20:17:07","guid":{"rendered":"https:\/\/plazajuarez.mx\/?p=276066"},"modified":"2023-08-15T14:17:09","modified_gmt":"2023-08-15T20:17:09","slug":"libros-de-texto-gratuitos-se-repartiran-en-cdmx-batres","status":"publish","type":"post","link":"https:\/\/plazajuarez.mx\/historico\/libros-de-texto-gratuitos-se-repartiran-en-cdmx-batres\/","title":{"rendered":"Libros de texto gratuitos se repartir\u00e1n en CDMX: Batres"},"content":{"rendered":"\n<p>En el contexto de la pol\u00e9mica por los nuevos libros de texto gratuitos de la SEP, el jefe de Gobierno, Mart\u00ed Batres, asever\u00f3 que estos s\u00ed se repartir\u00e1n en la Ciudad de M\u00e9xico, porque es un derecho para los estudiantes del nivel b\u00e1sico.<\/p>\n\n\n\n<p>En conferencia de prensa, el mandatario afirm\u00f3 que el gobierno capitalino se coordinar\u00e1 con la Autoridad Educativa Federal para la entrega de los libros, la cual deber\u00e1 consolidarse para el 28 de agosto pr\u00f3ximo, de cara al inicio del ciclo escolar 2023-2024.<\/p>\n\n\n\n<p>&#8220;Hay varios momentos para la entrega de los libros, se van descentralizando a los estados y luego de ah\u00ed a las escuelas, y luego a los alumnos, a partir del 28 (de agosto) tiene que consolidarse la entrega de los libros de texto, vamos a coordinarnos con el doctor Luis Humberto Fern\u00e1ndez (titular de la Autoridad Educativa Federal) para hacer esta entrega y se va a entregar a todos los ni\u00f1os porque es su derecho&#8221;, dijo.<\/p>\n\n\n\n<p><strong>Libros de texto tambi\u00e9n &#8220;va a caminar, va a avanzar&#8221; a nivel nacional: Batres<\/strong><\/p>\n\n\n\n<p>Respecto a las declaraciones de la oposici\u00f3n, que ha rechazado los nuevos libros de texto, Batres Guadarrama, advirti\u00f3 que no es la primera vez que la &#8220;derecha conservadora&#8221; se manifiesta en contra de estos derechos.<\/p>\n\n\n\n<p>&#8220;Todo lo que sea beneficio social a ellos los pone muy mal porque no les gusta que se le ayude a la gente&#8221;, dijo.<\/p>\n\n\n\n<p>El mandatario asever\u00f3 que la entrega de libros de texto tambi\u00e9n &#8220;va a caminar, va a avanzar&#8221; a nivel nacional, por lo que advirti\u00f3 que ser\u00e1n quienes est\u00e1n en contra, los que deber\u00e1n dar explicaciones despu\u00e9s.<\/p>\n","protected":false},"excerpt":{"rendered":"<p>En el contexto de la pol\u00e9mica por los nuevos libros de texto gratuitos de la SEP, el jefe de Gobierno, Mart\u00ed Batres, asever\u00f3 que estos s\u00ed se repartir\u00e1n en la Ciudad de M\u00e9xico, porque es un derecho para los estudiantes del nivel b\u00e1sico. En conferencia de prensa, el mandatario afirm\u00f3 que el gobierno capitalino se [&hellip;]<\/p>\n","protected":false},"author":81,"featured_media":276077,"comment_status":"closed","ping_status":"closed","sticky":false,"template":"","format":"standard","meta":{"footnotes":""},"categories":[15,36,2160],"tags":[],"class_list":["post-276066","post","type-post","status-publish","format-standard","has-post-thumbnail","hentry","category-destacadas","category-nacion","category-noticias-de-la-ciudad-de-mexico"],"_links":{"self":[{"href":"https:\/\/plazajuarez.mx\/historico\/wp-json\/wp\/v2\/posts\/276066","targetHints":{"allow":["GET"]}}],"collection":[{"href":"https:\/\/plazajuarez.mx\/historico\/wp-json\/wp\/v2\/posts"}],"about":[{"href":"https:\/\/plazajuarez.mx\/historico\/wp-json\/wp\/v2\/types\/post"}],"author":[{"embeddable":true,"href":"https:\/\/plazajuarez.mx\/historico\/wp-json\/wp\/v2\/users\/81"}],"replies":[{"embeddable":true,"href":"https:\/\/plazajuarez.mx\/historico\/wp-json\/wp\/v2\/comments?post=276066"}],"version-history":[{"count":0,"href":"https:\/\/plazajuarez.mx\/historico\/wp-json\/wp\/v2\/posts\/276066\/revisions"}],"wp:featuredmedia":[{"embeddable":true,"href":"https:\/\/plazajuarez.mx\/historico\/wp-json\/wp\/v2\/media\/276077"}],"wp:attachment":[{"href":"https:\/\/plazajuarez.mx\/historico\/wp-json\/wp\/v2\/media?parent=276066"}],"wp:term":[{"taxonomy":"category","embeddable":true,"href":"https:\/\/plazajuarez.mx\/historico\/wp-json\/wp\/v2\/categories?post=276066"},{"taxonomy":"post_tag","embeddable":true,"href":"https:\/\/plazajuarez.mx\/historico\/wp-json\/wp\/v2\/tags?post=276066"}],"curies":[{"name":"wp","href":"https:\/\/api.w.org\/{rel}","templated":true}]}}