{"id":276063,"date":"2023-08-15T14:02:41","date_gmt":"2023-08-15T20:02:41","guid":{"rendered":"https:\/\/plazajuarez.mx\/?p=276063"},"modified":"2023-08-15T14:02:42","modified_gmt":"2023-08-15T20:02:42","slug":"gerson-y-el-uruguayo-varela-se-pelean-en-un-entrenamiento-del-flamengo","status":"publish","type":"post","link":"https:\/\/plazajuarez.mx\/historico\/gerson-y-el-uruguayo-varela-se-pelean-en-un-entrenamiento-del-flamengo\/","title":{"rendered":"Gerson y el uruguayo Varela se pelean en un entrenamiento del Flamengo"},"content":{"rendered":"\n<p>El centrocampista brasile\u00f1o Gerson y el lateral uruguayo Guillermo Varela se pelearon este martes durante un entrenamiento del Flamengo, que registra el segundo incidente de este tipo en menos de un mes.<\/p>\n\n\n\n<p>El club brasile\u00f1o se refiri\u00f3 al incidente en la red social X como un &#8220;entrevero&#8221; y asegur\u00f3 que &#8220;fue resuelto internamente&#8221; por el departamento de F\u00fatbol.<\/p>\n\n\n\n<p>Sin dar m\u00e1s detalles, Flamengo indic\u00f3 que &#8220;los jugadores entienden que el episodio forma parte de un entrenamiento intenso y la preparaci\u00f3n para el partido de ma\u00f1ana sigue normalmente&#8221;.<\/p>\n\n\n\n<p>Seg\u00fan el medio deportivo GE, Gerson y Varela intercambiaron pu\u00f1etazos durante el entrenamiento, realizado a puerta cerrada, sin presencia de medios de comunicaci\u00f3n.<\/p>\n\n\n\n<p>El equipo dirigido por el t\u00e9cnico argentino Jorge Sampaoli disputar\u00e1 este mi\u00e9rcoles en casa el partido de vuelta de las semifinales de la Copa do Brasil ante el Gr\u00eamio, al que venci\u00f3 en la ida por 0-2 hace tres semanas en Porto Alegre.<\/p>\n\n\n\n<p>El incidente de este martes es el segundo en menos de un mes, despu\u00e9s del que se present\u00f3 el pasado 29 de julio en el vestuario, cuando el entonces preparador f\u00edsico argentino Pablo Fern\u00e1ndez agredi\u00f3 al delantero Pedro, quien denunci\u00f3 al profesional ante la Polic\u00eda.<\/p>\n\n\n\n<p>Fern\u00e1ndez fue despedido del club y Pedro recibi\u00f3 una sanci\u00f3n disciplinaria por un partido y multado.<\/p>\n\n\n\n<p>Flamengo acaba de ser eliminado por el Olimpia paraguayo en los octavos de final de la Copa Libertadores, torneo en el que defend\u00eda el t\u00edtulo obtenido en 2022.<\/p>\n\n\n\n<p>El club rojinegro ocupa la cuarta posici\u00f3n de la liga con 32 puntos, a quince del l\u00edder, Botafogo.<\/p>\n","protected":false},"excerpt":{"rendered":"<p>El centrocampista brasile\u00f1o Gerson y el lateral uruguayo Guillermo Varela se pelearon este martes durante un entrenamiento del Flamengo, que registra el segundo incidente de este tipo en menos de un mes. El club brasile\u00f1o se refiri\u00f3 al incidente en la red social X como un &#8220;entrevero&#8221; y asegur\u00f3 que &#8220;fue resuelto internamente&#8221; por el [&hellip;]<\/p>\n","protected":false},"author":80,"featured_media":276064,"comment_status":"closed","ping_status":"closed","sticky":false,"template":"","format":"standard","meta":{"footnotes":""},"categories":[39],"tags":[],"class_list":["post-276063","post","type-post","status-publish","format-standard","has-post-thumbnail","hentry","category-deportiva"],"_links":{"self":[{"href":"https:\/\/plazajuarez.mx\/historico\/wp-json\/wp\/v2\/posts\/276063","targetHints":{"allow":["GET"]}}],"collection":[{"href":"https:\/\/plazajuarez.mx\/historico\/wp-json\/wp\/v2\/posts"}],"about":[{"href":"https:\/\/plazajuarez.mx\/historico\/wp-json\/wp\/v2\/types\/post"}],"author":[{"embeddable":true,"href":"https:\/\/plazajuarez.mx\/historico\/wp-json\/wp\/v2\/users\/80"}],"replies":[{"embeddable":true,"href":"https:\/\/plazajuarez.mx\/historico\/wp-json\/wp\/v2\/comments?post=276063"}],"version-history":[{"count":0,"href":"https:\/\/plazajuarez.mx\/historico\/wp-json\/wp\/v2\/posts\/276063\/revisions"}],"wp:featuredmedia":[{"embeddable":true,"href":"https:\/\/plazajuarez.mx\/historico\/wp-json\/wp\/v2\/media\/276064"}],"wp:attachment":[{"href":"https:\/\/plazajuarez.mx\/historico\/wp-json\/wp\/v2\/media?parent=276063"}],"wp:term":[{"taxonomy":"category","embeddable":true,"href":"https:\/\/plazajuarez.mx\/historico\/wp-json\/wp\/v2\/categories?post=276063"},{"taxonomy":"post_tag","embeddable":true,"href":"https:\/\/plazajuarez.mx\/historico\/wp-json\/wp\/v2\/tags?post=276063"}],"curies":[{"name":"wp","href":"https:\/\/api.w.org\/{rel}","templated":true}]}}