{"id":276,"date":"2015-02-04T06:00:00","date_gmt":"2015-02-04T06:00:00","guid":{"rendered":"http:\/\/plazajuarez.mx\/index\/index.php\/2015\/02\/04\/inhide-revela-calendario-anual-de-carreras-atleticas-2015\/"},"modified":"2015-02-04T06:00:00","modified_gmt":"2015-02-04T06:00:00","slug":"inhide-revela-calendario-anual-de-carreras-atleticas-2015","status":"publish","type":"post","link":"https:\/\/plazajuarez.mx\/historico\/inhide-revela-calendario-anual-de-carreras-atleticas-2015\/","title":{"rendered":"INHIDE revela calendario anual de carreras atl\u00e9ticas 2015"},"content":{"rendered":"<p>EN LA CAPITAL HIDALGUENSE<\/p>\n<ul>\n<li>Se presume que para este a\u00f1o se realizar\u00e1n 33 eventos deportivos, los cuales iniciaron con la primera carrera atl\u00e9tica de Xolostitla, efectuada en el mes de enero<\/li>\n<li>Sobresalen la primera carrera Tv Azteca, la tradicional carrera atl\u00e9tica de la Feria San Francisco Hidalgo, la carrera Telet\u00f3n <!--more--> \u00a0<\/li>\n<\/ul>\n<p>En conferencia de prensa en la capital hidalguense, ayer el Instituto Hidalguense del Deporte (INHIDE), revel\u00f3 el calendario anual de carreras atl\u00e9ticas 2015.<\/p>\n<p>\u00a0<\/p>\n<p>Asimismo, durante este 2015 contemplan, hasta el momento, un total de 33 eventos deportivos, los cuales iniciaron con la primera carrera atl\u00e9tica de Xolostitla, efectuada en el mes de enero.<\/p>\n<p>\u00a0<\/p>\n<p>De igual\u00a0 manera, destacan la primera carrera Tv Azteca, la tradicional carrera atl\u00e9tica de la Feria San Francisco Hidalgo, la carrera Telet\u00f3n; as\u00ed como la carrera y caminata atl\u00e9tica por la Diabetes, entre otras.\u00a0<\/p>\n<p>\u00a0<\/p>\n<p>Del mismo modo, se mencion\u00f3 que en el deporte social continuar\u00e1n con las carreras atl\u00e9ticas con causa, recreativas y competitivas, adem\u00e1s de los paseos ciclistas del programa \u201cBici\u2011tando tu ciudad\u201d. En tanto, se coment\u00f3 que este a\u00f1o ser\u00e1 de eventos importantes para el deporte hidalguense de alto rendimiento, donde se espera una gran participaci\u00f3n de atletas de nuestro estado en selecciones nacionales en los Juegos Panamericanos y Parapanamericanos, as\u00ed como la celebraci\u00f3n de Olimpiada y Paralimpiada Nacional, campeonatos nacionales entre las competencias m\u00e1s importantes.<\/p>\n<p>\u00a0<\/p>\n<p>Cabe se\u00f1alar, que la presentaci\u00f3n estuvo encabezada por el titular del deporte en el estado, Salvador Franco Cravioto, acompa\u00f1ado por Sergio Islas Olvera, director general del Sistema Estatal de Radio y Televisi\u00f3n de Hidalgo; Mar\u00eda Oralia Vega Ortiz, directora general de la Promotora de Eventos del Estado; as\u00ed como por la directora de Cultura F\u00edsica y Deporte del INHIDE, Nury M\u00f3rales Meneses; y Lydia Garc\u00eda Olivera, presidenta de la\u00a0 Asociaci\u00f3n de Atletismo del estado.<\/p>\n<p>\u00a0<\/p>\n<p>Finalmente, Franco Cravioto invit\u00f3 al p\u00fablico en general a formar parte de las diferentes carreras, caminatas atl\u00e9ticas y paseos ciclistas que se desarrollar\u00e1n a lo largo del 2015, actividades en favor de la salud de la poblaci\u00f3n.<\/p>\n<p>\u00a0<\/p>\n<p>\u00a0<\/p>\n<p>\u00a0<\/p>\n<p>\u00a0<\/p>\n<p>\u00a0<\/p>\n<p>\u00a0<\/p>\n<p>\u00a0<\/p>\n<p>\u00a0<\/p>\n","protected":false},"excerpt":{"rendered":"<p>EN LA CAPITAL HIDALGUENSE Se presume que para este a\u00f1o se realizar\u00e1n 33 eventos deportivos, los cuales iniciaron con la primera carrera atl\u00e9tica de Xolostitla, efectuada en el mes de enero Sobresalen la primera carrera Tv Azteca, la tradicional carrera atl\u00e9tica de la Feria San Francisco Hidalgo, la carrera Telet\u00f3n<\/p>\n","protected":false},"author":93,"featured_media":0,"comment_status":"open","ping_status":"open","sticky":false,"template":"","format":"standard","meta":{"footnotes":""},"categories":[39],"tags":[],"class_list":["post-276","post","type-post","status-publish","format-standard","hentry","category-deportiva"],"_links":{"self":[{"href":"https:\/\/plazajuarez.mx\/historico\/wp-json\/wp\/v2\/posts\/276","targetHints":{"allow":["GET"]}}],"collection":[{"href":"https:\/\/plazajuarez.mx\/historico\/wp-json\/wp\/v2\/posts"}],"about":[{"href":"https:\/\/plazajuarez.mx\/historico\/wp-json\/wp\/v2\/types\/post"}],"author":[{"embeddable":true,"href":"https:\/\/plazajuarez.mx\/historico\/wp-json\/wp\/v2\/users\/93"}],"replies":[{"embeddable":true,"href":"https:\/\/plazajuarez.mx\/historico\/wp-json\/wp\/v2\/comments?post=276"}],"version-history":[{"count":0,"href":"https:\/\/plazajuarez.mx\/historico\/wp-json\/wp\/v2\/posts\/276\/revisions"}],"wp:attachment":[{"href":"https:\/\/plazajuarez.mx\/historico\/wp-json\/wp\/v2\/media?parent=276"}],"wp:term":[{"taxonomy":"category","embeddable":true,"href":"https:\/\/plazajuarez.mx\/historico\/wp-json\/wp\/v2\/categories?post=276"},{"taxonomy":"post_tag","embeddable":true,"href":"https:\/\/plazajuarez.mx\/historico\/wp-json\/wp\/v2\/tags?post=276"}],"curies":[{"name":"wp","href":"https:\/\/api.w.org\/{rel}","templated":true}]}}