{"id":275791,"date":"2023-08-14T07:39:14","date_gmt":"2023-08-14T13:39:14","guid":{"rendered":"https:\/\/plazajuarez.mx\/?p=275791"},"modified":"2023-08-14T07:39:16","modified_gmt":"2023-08-14T13:39:16","slug":"al-menos-siete-muertos-en-volcadura-de-autobus-en-la-mexico-queretaro","status":"publish","type":"post","link":"https:\/\/plazajuarez.mx\/historico\/al-menos-siete-muertos-en-volcadura-de-autobus-en-la-mexico-queretaro\/","title":{"rendered":"Al menos siete muertos,\u00a0en volcadura de autob\u00fas en la M\u00e9xico-Quer\u00e9taro"},"content":{"rendered":"\n<p>La ma\u00f1ana del pasado domingo, un autob\u00fas que viajaba a exceso de velocidad, volc\u00f3 en la autopista M\u00e9xico-Quer\u00e9taro, dejando un saldo rojo de al menos siete muertos, entre estos se cuenta a un menor de edad, as\u00ed como 13 heridos de consideraci\u00f3n y cuantiosas p\u00e9rdidas materiales.<\/p>\n\n\n\n<p>El percance que result\u00f3 de funestas consecuencias, provoc\u00f3 la inmediata movilizaci\u00f3n de elementos de las corporaciones policiales y de los cuerpos de emergencias, tanto del Estado de M\u00e9xico como de Hidalgo, que acudieron a proporcionar atenci\u00f3n a varias personas que resultaron con lesiones de consideraci\u00f3n.&nbsp;<\/p>\n\n\n\n<p>De acuerdo con los reportes que se dieron en el lugar, los hechos ocurrieron en el kil\u00f3metro 84 de la carretera ya descrita, se trat\u00f3 de un cami\u00f3n que ven\u00eda de la zona de Ciudad Guzm\u00e1n, l\u00edmite de Colima, rumbo a la Ciudad de M\u00e9xico.<\/p>\n\n\n\n<p>Rescatistas y param\u00e9dicos de Protecci\u00f3n Civil Municipal de Tepeji del R\u00edo, acudieron a realizar labores de ayuda, en apoyo de los cuerpos de emergencia de Jilotepec, Estado de M\u00e9xico.<\/p>\n\n\n\n<p><strong>EL CONDUCTOR SE HABR\u00cdA QUEDADO DORMIDO<\/strong><\/p>\n\n\n\n<p>Las versiones que dieron algunos usuarios del autob\u00fas indican que presuntamente el conductor de la unidad se habr\u00eda quedado dormido o perdido el control, lo cual provoc\u00f3 que cayera en una zanja que divide ambas direcciones del lugar.<\/p>\n\n\n\n<p>Elementos polic\u00edacos que acudieron a tomar conocimiento y a prestar apoyo, indicaron que en el lugar del siniestro se observ\u00f3 el cami\u00f3n con los cristales rotos, volcado sobre un lado y rodeado de listones amarillos que colocaron las autoridades que ya laboran en la zona.<\/p>\n\n\n\n<p>La informaci\u00f3n que se tiene fue generada por los guardianes de la ley que prestaron apoyo, pero se espera que se emitan los datos oficiales de las autoridades, para poder conocer el n\u00famero real de los decesos, as\u00ed como de las personas lastimadas.<\/p>\n","protected":false},"excerpt":{"rendered":"<p>La ma\u00f1ana del pasado domingo, un autob\u00fas que viajaba a exceso de velocidad, volc\u00f3 en la autopista M\u00e9xico-Quer\u00e9taro, dejando un saldo rojo de al menos siete muertos, entre estos se cuenta a un menor de edad, as\u00ed como 13 heridos de consideraci\u00f3n y cuantiosas p\u00e9rdidas materiales. El percance que result\u00f3 de funestas consecuencias, provoc\u00f3 la [&hellip;]<\/p>\n","protected":false},"author":81,"featured_media":275794,"comment_status":"closed","ping_status":"closed","sticky":false,"template":"","format":"standard","meta":{"footnotes":""},"categories":[37],"tags":[],"class_list":["post-275791","post","type-post","status-publish","format-standard","has-post-thumbnail","hentry","category-barandilla"],"_links":{"self":[{"href":"https:\/\/plazajuarez.mx\/historico\/wp-json\/wp\/v2\/posts\/275791","targetHints":{"allow":["GET"]}}],"collection":[{"href":"https:\/\/plazajuarez.mx\/historico\/wp-json\/wp\/v2\/posts"}],"about":[{"href":"https:\/\/plazajuarez.mx\/historico\/wp-json\/wp\/v2\/types\/post"}],"author":[{"embeddable":true,"href":"https:\/\/plazajuarez.mx\/historico\/wp-json\/wp\/v2\/users\/81"}],"replies":[{"embeddable":true,"href":"https:\/\/plazajuarez.mx\/historico\/wp-json\/wp\/v2\/comments?post=275791"}],"version-history":[{"count":0,"href":"https:\/\/plazajuarez.mx\/historico\/wp-json\/wp\/v2\/posts\/275791\/revisions"}],"wp:featuredmedia":[{"embeddable":true,"href":"https:\/\/plazajuarez.mx\/historico\/wp-json\/wp\/v2\/media\/275794"}],"wp:attachment":[{"href":"https:\/\/plazajuarez.mx\/historico\/wp-json\/wp\/v2\/media?parent=275791"}],"wp:term":[{"taxonomy":"category","embeddable":true,"href":"https:\/\/plazajuarez.mx\/historico\/wp-json\/wp\/v2\/categories?post=275791"},{"taxonomy":"post_tag","embeddable":true,"href":"https:\/\/plazajuarez.mx\/historico\/wp-json\/wp\/v2\/tags?post=275791"}],"curies":[{"name":"wp","href":"https:\/\/api.w.org\/{rel}","templated":true}]}}