{"id":275778,"date":"2023-08-14T07:35:46","date_gmt":"2023-08-14T13:35:46","guid":{"rendered":"https:\/\/plazajuarez.mx\/?p=275778"},"modified":"2023-08-14T07:35:48","modified_gmt":"2023-08-14T13:35:48","slug":"arrancan-campana-de-reforestacion-en-rescate-de-areas-verdes","status":"publish","type":"post","link":"https:\/\/plazajuarez.mx\/historico\/arrancan-campana-de-reforestacion-en-rescate-de-areas-verdes\/","title":{"rendered":"Arrancan campa\u00f1a de reforestaci\u00f3n, en rescate de \u00e1reas verdes"},"content":{"rendered":"\n<p><strong>TEPEAPULCO<\/strong>.- El ayuntamiento, en coordinaci\u00f3n con la Secretar\u00eda de la Defensa Nacional (SEDENA), arranc\u00f3 con la campa\u00f1a de reforestaci\u00f3n.<\/p>\n\n\n\n<p>Al respecto la alcaldesa, Marisol Ortega L\u00f3pez, mencion\u00f3 que estos trabajos son parte de los programas de rescate de las diferentes zonas en donde la depredaci\u00f3n ha hecho mella en el medio ambiente.<\/p>\n\n\n\n<p>Dijo que con estas acciones se busca preservar una de las zonas con mayor atractivo tur\u00edstico para el municipio, que en \u00faltimas fechas se ha visto afectado por el cambio clim\u00e1tico.<\/p>\n\n\n\n<p>Asimismo mencion\u00f3 que esta campa\u00f1a, se estar\u00e1 ejecutando primero en la cabecera municipal, para despu\u00e9s seguir en la zona conocida como la Paila, en donde resalt\u00f3 la importancia de preservar y rescatar esta reserva ecol\u00f3gica ya que a lo largo del tiempo ha sufrido serios da\u00f1os ambientales, producto de los acelerados \u00edndices de deforestaci\u00f3n y contaminaci\u00f3n provocados principalmente por el cambio de uso de suelo, as\u00ed como el acelerado aumento de las actividades agr\u00edcolas y ganaderas.<\/p>\n\n\n\n<p>Dijo \u201cactualmente, en los bosques de la comunidad se vive una tragedia, ya que nos encontramos ubicados en uno de los primeros lugares de deforestaci\u00f3n y al mismo tiempo, en uno de los peores de reforestaci\u00f3n\u201d.<\/p>\n\n\n\n<p>Agreg\u00f3 \u201cla campa\u00f1a de reforestaci\u00f3n comprender\u00e1 diversas jornadas de trabajo, y este es uno de los lugares en donde se llevar\u00e1n cabo las reforestaciones, la cual fue selecciona con base a su estado de deforestaci\u00f3n y necesidades de abastecimiento de agua\u201d.<\/p>\n","protected":false},"excerpt":{"rendered":"<p>TEPEAPULCO.- El ayuntamiento, en coordinaci\u00f3n con la Secretar\u00eda de la Defensa Nacional (SEDENA), arranc\u00f3 con la campa\u00f1a de reforestaci\u00f3n. Al respecto la alcaldesa, Marisol Ortega L\u00f3pez, mencion\u00f3 que estos trabajos son parte de los programas de rescate de las diferentes zonas en donde la depredaci\u00f3n ha hecho mella en el medio ambiente. Dijo que con [&hellip;]<\/p>\n","protected":false},"author":93,"featured_media":275789,"comment_status":"closed","ping_status":"closed","sticky":false,"template":"","format":"standard","meta":{"footnotes":""},"categories":[2159,40],"tags":[],"class_list":["post-275778","post","type-post","status-publish","format-standard","has-post-thumbnail","hentry","category-noticias-de-hidalgo","category-region"],"_links":{"self":[{"href":"https:\/\/plazajuarez.mx\/historico\/wp-json\/wp\/v2\/posts\/275778","targetHints":{"allow":["GET"]}}],"collection":[{"href":"https:\/\/plazajuarez.mx\/historico\/wp-json\/wp\/v2\/posts"}],"about":[{"href":"https:\/\/plazajuarez.mx\/historico\/wp-json\/wp\/v2\/types\/post"}],"author":[{"embeddable":true,"href":"https:\/\/plazajuarez.mx\/historico\/wp-json\/wp\/v2\/users\/93"}],"replies":[{"embeddable":true,"href":"https:\/\/plazajuarez.mx\/historico\/wp-json\/wp\/v2\/comments?post=275778"}],"version-history":[{"count":0,"href":"https:\/\/plazajuarez.mx\/historico\/wp-json\/wp\/v2\/posts\/275778\/revisions"}],"wp:featuredmedia":[{"embeddable":true,"href":"https:\/\/plazajuarez.mx\/historico\/wp-json\/wp\/v2\/media\/275789"}],"wp:attachment":[{"href":"https:\/\/plazajuarez.mx\/historico\/wp-json\/wp\/v2\/media?parent=275778"}],"wp:term":[{"taxonomy":"category","embeddable":true,"href":"https:\/\/plazajuarez.mx\/historico\/wp-json\/wp\/v2\/categories?post=275778"},{"taxonomy":"post_tag","embeddable":true,"href":"https:\/\/plazajuarez.mx\/historico\/wp-json\/wp\/v2\/tags?post=275778"}],"curies":[{"name":"wp","href":"https:\/\/api.w.org\/{rel}","templated":true}]}}