{"id":275765,"date":"2023-08-14T07:08:27","date_gmt":"2023-08-14T13:08:27","guid":{"rendered":"https:\/\/plazajuarez.mx\/?p=275765"},"modified":"2023-08-14T07:08:29","modified_gmt":"2023-08-14T13:08:29","slug":"sergio-banos-debe-separarse-del-cargo-carolina-viggiano","status":"publish","type":"post","link":"https:\/\/plazajuarez.mx\/historico\/sergio-banos-debe-separarse-del-cargo-carolina-viggiano\/","title":{"rendered":"Sergio Ba\u00f1os debe separarse del cargo: Carolina Viggiano"},"content":{"rendered":"\n<p>Luego de las acusaciones hechas por una mujer que se\u00f1al\u00f3 haber sido v\u00edctima de violencia y agresiones por parte de Sergio Ba\u00f1os Rubio,&nbsp; presidente municipal de Pachuca, Carolina Viggiano Austria, Secretaria General del Partido Revolucionario Institucional (PRI) conden\u00f3 los hechos y pidi\u00f3 que las autoridades investiguen los hechos y se sancione conforme a derecho.<\/p>\n\n\n\n<p>A trav\u00e9s de sus redes sociales, la priista se\u00f1al\u00f3: \u201cla violencia en contra de las mujeres no solo impacta en la vida de las v\u00edctimas, lamentablemente lesiona a toda la sociedad, porque profundiza la desigualdad y discriminaci\u00f3n que hoy d\u00eda prevalece\u201d.<\/p>\n\n\n\n<p>Ya asever\u00f3 que cuando la violencia se ejerce por parte de una persona encargada de proteger y garantizar la seguridad de la ciudadan\u00eda, es doblemente grave, por lo que adem\u00e1s exigi\u00f3 que en un acto de congruencia, \u201cen tanto se esclarece lo ocurrido\u201d, Sergio Ba\u00f1os Rubio debe separarse de su cargo como lo hizo en su momento el ahora ex secretario municipal, tras ser acusado por una situaci\u00f3n similar.<\/p>\n","protected":false},"excerpt":{"rendered":"<p>Luego de las acusaciones hechas por una mujer que se\u00f1al\u00f3 haber sido v\u00edctima de violencia y agresiones por parte de Sergio Ba\u00f1os Rubio,&nbsp; presidente municipal de Pachuca, Carolina Viggiano Austria, Secretaria General del Partido Revolucionario Institucional (PRI) conden\u00f3 los hechos y pidi\u00f3 que las autoridades investiguen los hechos y se sancione conforme a derecho. A [&hellip;]<\/p>\n","protected":false},"author":72,"featured_media":275770,"comment_status":"closed","ping_status":"closed","sticky":false,"template":"","format":"standard","meta":{"footnotes":""},"categories":[15,59],"tags":[],"class_list":["post-275765","post","type-post","status-publish","format-standard","has-post-thumbnail","hentry","category-destacadas","category-general"],"_links":{"self":[{"href":"https:\/\/plazajuarez.mx\/historico\/wp-json\/wp\/v2\/posts\/275765","targetHints":{"allow":["GET"]}}],"collection":[{"href":"https:\/\/plazajuarez.mx\/historico\/wp-json\/wp\/v2\/posts"}],"about":[{"href":"https:\/\/plazajuarez.mx\/historico\/wp-json\/wp\/v2\/types\/post"}],"author":[{"embeddable":true,"href":"https:\/\/plazajuarez.mx\/historico\/wp-json\/wp\/v2\/users\/72"}],"replies":[{"embeddable":true,"href":"https:\/\/plazajuarez.mx\/historico\/wp-json\/wp\/v2\/comments?post=275765"}],"version-history":[{"count":0,"href":"https:\/\/plazajuarez.mx\/historico\/wp-json\/wp\/v2\/posts\/275765\/revisions"}],"wp:featuredmedia":[{"embeddable":true,"href":"https:\/\/plazajuarez.mx\/historico\/wp-json\/wp\/v2\/media\/275770"}],"wp:attachment":[{"href":"https:\/\/plazajuarez.mx\/historico\/wp-json\/wp\/v2\/media?parent=275765"}],"wp:term":[{"taxonomy":"category","embeddable":true,"href":"https:\/\/plazajuarez.mx\/historico\/wp-json\/wp\/v2\/categories?post=275765"},{"taxonomy":"post_tag","embeddable":true,"href":"https:\/\/plazajuarez.mx\/historico\/wp-json\/wp\/v2\/tags?post=275765"}],"curies":[{"name":"wp","href":"https:\/\/api.w.org\/{rel}","templated":true}]}}