{"id":275725,"date":"2023-08-13T17:31:06","date_gmt":"2023-08-13T23:31:06","guid":{"rendered":"https:\/\/plazajuarez.mx\/?p=275725"},"modified":"2023-08-13T17:31:08","modified_gmt":"2023-08-13T23:31:08","slug":"dan-continuidad-al-programa-de-limpieza-e-imagen-urbana","status":"publish","type":"post","link":"https:\/\/plazajuarez.mx\/historico\/dan-continuidad-al-programa-de-limpieza-e-imagen-urbana\/","title":{"rendered":"Dan continuidad al programa de limpieza e imagen urbana\u00a0"},"content":{"rendered":"\n<p class=\"wp-block-paragraph\">El programa denominado \u201cQue todo siga cambiando en tu localidad\u201d, que fue impulsado desde el inicio de esta administraci\u00f3n municipal, por el alcalde Manuel Rivera Peralta, en este mes de agosto toc\u00f3 al fraccionamiento La Loma, al llevar a cabo los trabajos de mejoramiento y limpieza urbana.<\/p>\n\n\n\n<p class=\"wp-block-paragraph\">Rivera Peralta, acompa\u00f1ado de funcionarios de la administraci\u00f3n municipal, arribaron a dicho fraccionamiento para trabajar de manera conjunta entre sociedad y gobierno en el mejoramiento de la imagen&nbsp; urbana de las comunidades, donde realizaron las siguientes acciones: limpieza general de calles, corte de maleza, recolecci\u00f3n de basura y aplicaci\u00f3n de pintura en postes.<\/p>\n\n\n\n<p class=\"wp-block-paragraph\">Record\u00f3 que esta iniciativa tiene como objetivo el conjuntar esfuerzos para concientizar a las familias de las comunidades, para trabajar de manera permanente en acciones de limpieza e imagen urbana.&nbsp;<\/p>\n\n\n\n<p class=\"wp-block-paragraph\">El edil subray\u00f3 que uno de sus compromisos al tomar el cargo, fue regresar a las comunidades para dar resultados; por este motivo se dio a la tarea de retomar esta iniciativa que se puso en marcha desde el inicio de su administraci\u00f3n.&nbsp;<\/p>\n\n\n\n<p class=\"wp-block-paragraph\">A esta actividad se sumaron vecinos del fraccionamiento, quienes apoyaron en las labores descritas.<\/p>\n\n\n\n<p class=\"wp-block-paragraph\">Finalmente, Rivera Peralta coment\u00f3 que estas actividades se realizar\u00e1n cada semana en diferentes comunidades, barrios y colonias del municipio, por lo que hace un llamado a la sociedad cuautepequense a sumarse para trabajar de la mano para obtener resultados favorables.&nbsp;<\/p>\n","protected":false},"excerpt":{"rendered":"<p>El programa denominado \u201cQue todo siga cambiando en tu localidad\u201d, que fue impulsado desde el inicio de esta administraci\u00f3n municipal, por el alcalde Manuel Rivera Peralta, en este mes de agosto toc\u00f3 al fraccionamiento La Loma, al llevar a cabo los trabajos de mejoramiento y limpieza urbana. Rivera Peralta, acompa\u00f1ado de funcionarios de la administraci\u00f3n [&hellip;]<\/p>\n","protected":false},"author":70,"featured_media":275726,"comment_status":"closed","ping_status":"closed","sticky":false,"template":"","format":"standard","meta":{"footnotes":""},"categories":[2159,40],"tags":[],"class_list":["post-275725","post","type-post","status-publish","format-standard","has-post-thumbnail","hentry","category-noticias-de-hidalgo","category-region"],"_links":{"self":[{"href":"https:\/\/plazajuarez.mx\/historico\/wp-json\/wp\/v2\/posts\/275725","targetHints":{"allow":["GET"]}}],"collection":[{"href":"https:\/\/plazajuarez.mx\/historico\/wp-json\/wp\/v2\/posts"}],"about":[{"href":"https:\/\/plazajuarez.mx\/historico\/wp-json\/wp\/v2\/types\/post"}],"author":[{"embeddable":true,"href":"https:\/\/plazajuarez.mx\/historico\/wp-json\/wp\/v2\/users\/70"}],"replies":[{"embeddable":true,"href":"https:\/\/plazajuarez.mx\/historico\/wp-json\/wp\/v2\/comments?post=275725"}],"version-history":[{"count":0,"href":"https:\/\/plazajuarez.mx\/historico\/wp-json\/wp\/v2\/posts\/275725\/revisions"}],"wp:featuredmedia":[{"embeddable":true,"href":"https:\/\/plazajuarez.mx\/historico\/wp-json\/wp\/v2\/media\/275726"}],"wp:attachment":[{"href":"https:\/\/plazajuarez.mx\/historico\/wp-json\/wp\/v2\/media?parent=275725"}],"wp:term":[{"taxonomy":"category","embeddable":true,"href":"https:\/\/plazajuarez.mx\/historico\/wp-json\/wp\/v2\/categories?post=275725"},{"taxonomy":"post_tag","embeddable":true,"href":"https:\/\/plazajuarez.mx\/historico\/wp-json\/wp\/v2\/tags?post=275725"}],"curies":[{"name":"wp","href":"https:\/\/api.w.org\/{rel}","templated":true}]}}