{"id":275186,"date":"2023-08-10T06:07:01","date_gmt":"2023-08-10T12:07:01","guid":{"rendered":"https:\/\/plazajuarez.mx\/?p=275186"},"modified":"2023-08-10T06:07:03","modified_gmt":"2023-08-10T12:07:03","slug":"feria-de-los-angelitos-cuenta-con-amplio-dispositivo-de-limpieza","status":"publish","type":"post","link":"https:\/\/plazajuarez.mx\/historico\/feria-de-los-angelitos-cuenta-con-amplio-dispositivo-de-limpieza\/","title":{"rendered":"Feria de los Angelitos cuenta con amplio dispositivo de limpieza"},"content":{"rendered":"\n<p class=\"wp-block-paragraph\"><strong>TULANCINGO.<\/strong>&#8211; La feria de Nuestra Se\u00f1ora de los \u00c1ngeles avanza en su realizaci\u00f3n; el Gobierno Municipal as\u00ed como el encargado de los trabajos El\u00edas L\u00f3pez Barrios\u00a0 y\u00a0 el p\u00e1rroco Arturo Jim\u00e9nez, se mantienen atentos para el cumplimiento de los rubros comprometidos, para que sea una celebraci\u00f3n exitosa en todos los sentidos.<\/p>\n\n\n\n<p class=\"wp-block-paragraph\">En el caso particular de la recolecci\u00f3n de residuos, la Direcci\u00f3n de Limpia y Disposici\u00f3n de Residuos de Tulancingo, que encabeza Roberto Ballesteros, asign\u00f3 personal que hace equipo con otro externo que fue contratado exprofeso para fortalecer las brigadas, con 12 personas trabajando permanentemente.&nbsp;<\/p>\n\n\n\n<p class=\"wp-block-paragraph\">En tanto, los expositores locales y algunos artesanos invitados han se\u00f1alado que sus ventas han sido \u00f3ptimas y que se&nbsp; ha contribuido con atractivos como el teatro del pueblo, que siempre ser\u00e1 un extra al esfuerzo de organizaci\u00f3n.<\/p>\n","protected":false},"excerpt":{"rendered":"<p>TULANCINGO.&#8211; La feria de Nuestra Se\u00f1ora de los \u00c1ngeles avanza en su realizaci\u00f3n; el Gobierno Municipal as\u00ed como el encargado de los trabajos El\u00edas L\u00f3pez Barrios\u00a0 y\u00a0 el p\u00e1rroco Arturo Jim\u00e9nez, se mantienen atentos para el cumplimiento de los rubros comprometidos, para que sea una celebraci\u00f3n exitosa en todos los sentidos. En el caso particular [&hellip;]<\/p>\n","protected":false},"author":93,"featured_media":275196,"comment_status":"closed","ping_status":"closed","sticky":false,"template":"","format":"standard","meta":{"footnotes":""},"categories":[2159,40],"tags":[],"class_list":["post-275186","post","type-post","status-publish","format-standard","has-post-thumbnail","hentry","category-noticias-de-hidalgo","category-region"],"_links":{"self":[{"href":"https:\/\/plazajuarez.mx\/historico\/wp-json\/wp\/v2\/posts\/275186","targetHints":{"allow":["GET"]}}],"collection":[{"href":"https:\/\/plazajuarez.mx\/historico\/wp-json\/wp\/v2\/posts"}],"about":[{"href":"https:\/\/plazajuarez.mx\/historico\/wp-json\/wp\/v2\/types\/post"}],"author":[{"embeddable":true,"href":"https:\/\/plazajuarez.mx\/historico\/wp-json\/wp\/v2\/users\/93"}],"replies":[{"embeddable":true,"href":"https:\/\/plazajuarez.mx\/historico\/wp-json\/wp\/v2\/comments?post=275186"}],"version-history":[{"count":0,"href":"https:\/\/plazajuarez.mx\/historico\/wp-json\/wp\/v2\/posts\/275186\/revisions"}],"wp:featuredmedia":[{"embeddable":true,"href":"https:\/\/plazajuarez.mx\/historico\/wp-json\/wp\/v2\/media\/275196"}],"wp:attachment":[{"href":"https:\/\/plazajuarez.mx\/historico\/wp-json\/wp\/v2\/media?parent=275186"}],"wp:term":[{"taxonomy":"category","embeddable":true,"href":"https:\/\/plazajuarez.mx\/historico\/wp-json\/wp\/v2\/categories?post=275186"},{"taxonomy":"post_tag","embeddable":true,"href":"https:\/\/plazajuarez.mx\/historico\/wp-json\/wp\/v2\/tags?post=275186"}],"curies":[{"name":"wp","href":"https:\/\/api.w.org\/{rel}","templated":true}]}}