{"id":27491,"date":"2016-08-29T14:07:13","date_gmt":"2016-08-29T14:07:13","guid":{"rendered":"http:\/\/plazajuarez.mx\/index\/index.php\/2016\/08\/29\/hacia-el-iv-informe-salir-del-encierro\/"},"modified":"2016-08-29T14:07:13","modified_gmt":"2016-08-29T14:07:13","slug":"hacia-el-iv-informe-salir-del-encierro","status":"publish","type":"post","link":"https:\/\/plazajuarez.mx\/historico\/hacia-el-iv-informe-salir-del-encierro\/","title":{"rendered":"Hacia el IV Informe: salir del encierro"},"content":{"rendered":"<p>A unos d\u00edas del IV Informe de Gobierno, el balance de la gesti\u00f3n del presidente Pe\u00f1a Nieto no pod\u00eda ser m\u00e1s negativa en distintos \u00f3rdenes de la vida p\u00fablica. Hay una p\u00e9rdida de liderazgo y de voluntad pol\u00edtica para idear y poner en marcha respuestas a los grandes problemas econ\u00f3micos y pol\u00edticos.<\/p>\n<p>  <!--more-->  <\/p>\n<p>Los ajustes constantes a la baja en las proyecciones del crecimiento del PIB este a\u00f1o, el incremento de los precios de la gasolina y electricidad que contravienen las promesas de la reforma estructural que quiso ser la m\u00e1s prometedora del sexenio; la salida de inversiones extranjeras por 4 mil 764 millones de d\u00f3lares, s\u00f3lo entre abril y junio de este a\u00f1o, se suman a la incapacidad del gobierno para resolver conflictos sociales como el de la CNTE, ahond\u00e1ndose su p\u00e9rdida de legitimidad. Los malos datos se enmarcan en un encierro de la Presidencia, arropado por un discurso autoritario, que opta por el silencio frente a nuevos esc\u00e1ndalos sobre las propiedades de su esposa, o por una defensa sin argumentos por el mal desempe\u00f1o de funcionarios como Alfredo Castillo, titular de Conade.<br \/>A dos a\u00f1os de las elecciones de 2018, el presidente no logra mantener cohesionado a su gabinete, ni frenar el adelantado calendario pol\u00edtico que ha llevado a todos los aspirantes a ser candidatos a desplegar sus propios c\u00e1lculos, como si no tuvieran responsabilidades concretas con el gobierno en turno. No es tiempo de ceder el mando, sino de mantener viva la capacidad de iniciativa para enfrentar los problemas, pero la selecci\u00f3n de propuestas debe considerar su viabilidad para que no ocurra lo que pas\u00f3 con la de legislar sobre el matrimonio igualitario que desat\u00f3 la protesta desafiante de la Iglesia cat\u00f3lica, obligando a los diputados del PRI a minimizar su importancia y a dar marcha atr\u00e1s.<br \/>Hace cuatro a\u00f1os, cuando el PRI recuper\u00f3 la Presidencia, las opiniones m\u00e1s acreditadas se\u00f1alaban que ser\u00eda muy dif\u00edcil volver a sacarlo de Los Pinos; que se ve\u00eda cuesta arriba ganarle a una maquinaria bien experimentada y disciplinada, adem\u00e1s de ya probada en la competencia plural de las urnas. El impulso reformista de los dos primeros a\u00f1os parecieron confirmar esa perspectiva, colocando a Pe\u00f1a Nieto como l\u00edder indiscutible. Hoy, cuatro a\u00f1os despu\u00e9s, est\u00e1 claro que el pa\u00eds ha cambiado; que ya no es suficiente tener la Presidencia y el control vertical del partido con el discurso disciplinado de sus cuadros dirigentes, para mantener el respaldo y la credibilidad social. As\u00ed lo muestran los abatidos niveles de aceptaci\u00f3n de Pe\u00f1a Nieto que lo colocan por debajo de 30%, seg\u00fan las m\u00e1s recientes encuestas. <br \/>El nuevo formato del IV Informe confirma que se ha optado por el encierro, por un esquema casi privado de charla informal y con interlocutores j\u00f3venes, escogidos a modo. Desde el sexenio pasado, el informe presidencial dej\u00f3 de ser un acto de acatamiento del mandato constitucional para presentar ante el Congreso el estado que guarda la administraci\u00f3n p\u00fablica, en buena medida debido a la actitud b\u00e1rbara de la oposici\u00f3n que consideraba que no compartir el terreno del Poder Legislativo con el Ejecutivo era un acto de reivindicaci\u00f3n de autonom\u00eda. A cambio, y fiel a la tradici\u00f3n presidencialista, en Palacio Nacional, el presidente se reun\u00eda con los altos funcionarios del Estado y dirigentes de diversos sectores sociales, para enviar un mensaje pol\u00edtico. El nuevo formato es un reconocimiento de la p\u00e9rdida de liderazgo presidencial.<br \/>No es casual que ante la imposibilidad de frenar la carrera hacia 2018, haya voces irresponsables, con una vena golpista, que hablan de la conveniencia de concluir anticipadamente el sexenio. El pa\u00eds no aguanta dos a\u00f1os m\u00e1s de retraimiento de la acci\u00f3n gubernamental; es necesario recuperar el tim\u00f3n de mando, saliendo del encierro y escuchando las voces de los otros. <br \/>peschardjacqueline@gmail.com<\/p>\n","protected":false},"excerpt":{"rendered":"<p>A unos d\u00edas del IV Informe de Gobierno, el balance de la gesti\u00f3n del presidente Pe\u00f1a Nieto no pod\u00eda ser m\u00e1s negativa en distintos \u00f3rdenes de la vida p\u00fablica. Hay una p\u00e9rdida de liderazgo y de voluntad pol\u00edtica para idear y poner en marcha respuestas a los grandes problemas econ\u00f3micos y pol\u00edticos.<\/p>\n","protected":false},"author":93,"featured_media":0,"comment_status":"open","ping_status":"open","sticky":false,"template":"","format":"standard","meta":{"footnotes":""},"categories":[42],"tags":[],"class_list":["post-27491","post","type-post","status-publish","format-standard","hentry","category-nuestrapalabra"],"_links":{"self":[{"href":"https:\/\/plazajuarez.mx\/historico\/wp-json\/wp\/v2\/posts\/27491","targetHints":{"allow":["GET"]}}],"collection":[{"href":"https:\/\/plazajuarez.mx\/historico\/wp-json\/wp\/v2\/posts"}],"about":[{"href":"https:\/\/plazajuarez.mx\/historico\/wp-json\/wp\/v2\/types\/post"}],"author":[{"embeddable":true,"href":"https:\/\/plazajuarez.mx\/historico\/wp-json\/wp\/v2\/users\/93"}],"replies":[{"embeddable":true,"href":"https:\/\/plazajuarez.mx\/historico\/wp-json\/wp\/v2\/comments?post=27491"}],"version-history":[{"count":0,"href":"https:\/\/plazajuarez.mx\/historico\/wp-json\/wp\/v2\/posts\/27491\/revisions"}],"wp:attachment":[{"href":"https:\/\/plazajuarez.mx\/historico\/wp-json\/wp\/v2\/media?parent=27491"}],"wp:term":[{"taxonomy":"category","embeddable":true,"href":"https:\/\/plazajuarez.mx\/historico\/wp-json\/wp\/v2\/categories?post=27491"},{"taxonomy":"post_tag","embeddable":true,"href":"https:\/\/plazajuarez.mx\/historico\/wp-json\/wp\/v2\/tags?post=27491"}],"curies":[{"name":"wp","href":"https:\/\/api.w.org\/{rel}","templated":true}]}}