{"id":27486,"date":"2016-08-29T14:06:03","date_gmt":"2016-08-29T14:06:03","guid":{"rendered":"http:\/\/plazajuarez.mx\/index\/index.php\/2016\/08\/29\/la-vida-y-tradicion-de-culhuacan-en-una-exposicion\/"},"modified":"2016-08-29T14:06:03","modified_gmt":"2016-08-29T14:06:03","slug":"la-vida-y-tradicion-de-culhuacan-en-una-exposicion","status":"publish","type":"post","link":"https:\/\/plazajuarez.mx\/historico\/la-vida-y-tradicion-de-culhuacan-en-una-exposicion\/","title":{"rendered":"La vida y tradici\u00f3n de Culhuac\u00e1n, en una exposici\u00f3n"},"content":{"rendered":"<p>La muestra resalta la importancia hist\u00f3rica de esta localidad, desde la fundaci\u00f3n de su se\u00f1or\u00edo en el a\u00f1o 717 d.C., hasta convertirse en un punto de confluencia para las comunidades que habitaban la cuenca lacustre del Valle de M\u00e9xico<\/p>\n<p>  <!--more-->  <\/p>\n<p>La exposici\u00f3n temporal Culhuac\u00e1n, vida y tradici\u00f3n re\u00fane alrededor de 150 im\u00e1genes, as\u00ed como objetos religiosos, documentos, vestimentas tradicionales y mapas que revelan parte de la historia, las fiestas y\u00a0 costumbres de este pueblo, la cual se exhibe en el Centro Comunitario Culhuac\u00e1n. <\/p>\n<p>La muestra resalta la importancia hist\u00f3rica de esta localidad, desde la fundaci\u00f3n de su se\u00f1or\u00edo en el a\u00f1o 717 d.C., hasta convertirse en un punto de confluencia para las comunidades que habitaban la cuenca lacustre del Valle de M\u00e9xico.<\/p>\n<p>La exposici\u00f3n, organizada por el Instituto Nacional de Antropolog\u00eda e Historia (INAH), se compone de cuatro n\u00facleos tem\u00e1ticos: Pueblo de Culhuac\u00e1n, Los barrios, El ejido y Las festividades. En el primero se abordan las transformaciones que ha tenido el lugar a lo largo de la historia. A principios del siglo XX, con la creaci\u00f3n de las delegaciones, sus once barrios quedaron divididos en dos demarcaciones: Coyoac\u00e1n e Iztapalapa, sin embargo, el apego de la comunidad a sus tradiciones la ha mantenido unida para las celebraciones de las fiestas patronales, con apoyo de organizaciones civiles, como las mayordom\u00edas.<\/p>\n<p>La curadora Patricia Pav\u00f3n explic\u00f3 que en este apartado se hace \u00e9nfasis en los sitios hist\u00f3ricos, como el Canal Nacional que se us\u00f3 para transportar las cosechas que iban de Culhuac\u00e1n a Xochimilco, Santa Anita, Jamaica o la Viga. Parte de ese pasado se aprecia en im\u00e1genes acompa\u00f1adas por una peque\u00f1a canoa que rememora las embarcaciones de anta\u00f1o.<\/p>\n<p>En este mismo n\u00facleo se hace referencia a las cruces del apostolado colocadas por los misioneros en el siglo XVI, para se\u00f1alar el trabajo de evangelizaci\u00f3n en ese poblado prehisp\u00e1nico. Estas piedras labradas a\u00fan se encuentran en barrios como el de San Antonio, Santa Ana y en el pante\u00f3n e iglesia de San Francisco.<\/p>\n<p>Otro de los sitios de gran importancia es la capilla de San Salvador, conocida por sus feligreses como El Se\u00f1or del Calvario, que se localiza en el centro de Culhuac\u00e1n y es custodiada por su mayordom\u00eda. <\/p>\n<p>En esta comunidad tambi\u00e9n se encuentran los restos del primer molino de papel en Am\u00e9rica Latina, el cual cumpl\u00eda la funci\u00f3n de abastecer a la Nueva Espa\u00f1a no s\u00f3lo para las actividades de las \u00f3rdenes religiosas, tambi\u00e9n para gestiones administrativas y del convento agustino del siglo XVI, hoy sede del Centro Comunitario Culhuac\u00e1n.<\/p>\n<p>Los once barrios que conforman Culhuac\u00e1n son: Los Reyes, San Antonio, Santa Mar\u00eda Tomatl\u00e1n, San Andr\u00e9s Tomatl\u00e1n, San Sim\u00f3n, Tula y Culhuac\u00e1n Centro que se localizan en la delegaci\u00f3n Iztapalapa, mientras que San Francisco, Santa Ana, La Magdalena y San Juan pertenecen a la demarcaci\u00f3n de Coyoac\u00e1n. Pese a ello, sus pobladores siguen unidos por las celebraciones religiosas, como la dedicada a la Sant\u00edsima Trinidad, que se lleva a cabo entre finales de mayo y principios de junio, y la de San Salvador el 6 de agosto. En ese mismo mes se realiza la peregrinaci\u00f3n al Santuario de Chalma, y el \u00faltimo viernes de noviembre a la Bas\u00edlica de Guadalupe.<\/p>\n<p>En el apartado El ejido se exhiben im\u00e1genes de este conjunto de tierras y un manuscrito antiguo alusivo a la compraventa de una chinampa. Patricia Pav\u00f3n resalt\u00f3 que el barrio de los Reyes, que se encuentra en las faldas del Cerro de la Estrella, a\u00fan se dedica a la siembra.<\/p>\n<p>La curadora destac\u00f3 la colaboraci\u00f3n de los pobladores en la exposici\u00f3n, para la que prestaron fotograf\u00edas familiares que muestran la vida cotidiana en esta localidad.<\/p>\n<p>La exhibici\u00f3n se complementa con objetos religiosos, una reproducci\u00f3n escult\u00f3rica de san Salvador, un peque\u00f1o castillo de fuegos artificiales, figuras de chinelos y seis trajes t\u00edpicos: dos de chinelos, dos de charro y dos m\u00e1s de los que se utilizan en la fiesta de carnaval, que forman parte del \u00faltimo n\u00facleo tem\u00e1tico.<\/p>\n<p>\u00a0\u201cLa m\u00fasica y la danza son elementos inherentes a todas las celebraciones de Culhuac\u00e1n, y eso se aprecia en las im\u00e1genes que se exhiben en la muestra que permanecer\u00e1 hasta el 31 de octubre.<\/p>\n<p>El Ex Convento de Culhuac\u00e1n est\u00e1 ubicado en Morelos 10, colonia Culhuac\u00e1n, delegaci\u00f3n Iztapalapa. Horario: 9:00 a 18:00 horas. La entrada es gratuita.<\/p>\n","protected":false},"excerpt":{"rendered":"<p>La muestra resalta la importancia hist\u00f3rica de esta localidad, desde la fundaci\u00f3n de su se\u00f1or\u00edo en el a\u00f1o 717 d.C., hasta convertirse en un punto de confluencia para las comunidades que habitaban la cuenca lacustre del Valle de M\u00e9xico<\/p>\n","protected":false},"author":93,"featured_media":0,"comment_status":"open","ping_status":"open","sticky":false,"template":"","format":"standard","meta":{"footnotes":""},"categories":[41],"tags":[],"class_list":["post-27486","post","type-post","status-publish","format-standard","hentry","category-arteria-cultural"],"_links":{"self":[{"href":"https:\/\/plazajuarez.mx\/historico\/wp-json\/wp\/v2\/posts\/27486","targetHints":{"allow":["GET"]}}],"collection":[{"href":"https:\/\/plazajuarez.mx\/historico\/wp-json\/wp\/v2\/posts"}],"about":[{"href":"https:\/\/plazajuarez.mx\/historico\/wp-json\/wp\/v2\/types\/post"}],"author":[{"embeddable":true,"href":"https:\/\/plazajuarez.mx\/historico\/wp-json\/wp\/v2\/users\/93"}],"replies":[{"embeddable":true,"href":"https:\/\/plazajuarez.mx\/historico\/wp-json\/wp\/v2\/comments?post=27486"}],"version-history":[{"count":0,"href":"https:\/\/plazajuarez.mx\/historico\/wp-json\/wp\/v2\/posts\/27486\/revisions"}],"wp:attachment":[{"href":"https:\/\/plazajuarez.mx\/historico\/wp-json\/wp\/v2\/media?parent=27486"}],"wp:term":[{"taxonomy":"category","embeddable":true,"href":"https:\/\/plazajuarez.mx\/historico\/wp-json\/wp\/v2\/categories?post=27486"},{"taxonomy":"post_tag","embeddable":true,"href":"https:\/\/plazajuarez.mx\/historico\/wp-json\/wp\/v2\/tags?post=27486"}],"curies":[{"name":"wp","href":"https:\/\/api.w.org\/{rel}","templated":true}]}}