{"id":27484,"date":"2016-08-29T13:47:37","date_gmt":"2016-08-29T13:47:37","guid":{"rendered":"http:\/\/plazajuarez.mx\/index\/index.php\/2016\/08\/29\/juan-gabriel-tenia-problemas-cardiacos-desde-hace-tiempo\/"},"modified":"2016-08-29T13:47:37","modified_gmt":"2016-08-29T13:47:37","slug":"juan-gabriel-tenia-problemas-cardiacos-desde-hace-tiempo","status":"publish","type":"post","link":"https:\/\/plazajuarez.mx\/historico\/juan-gabriel-tenia-problemas-cardiacos-desde-hace-tiempo\/","title":{"rendered":"Juan Gabriel ten\u00eda problemas card\u00edacos desde hace tiempo"},"content":{"rendered":"<p>Silvia Urquidi, fiel e incondicional amiga de Juan Gabriel, asegur\u00f3 que el Divo de Ju\u00e1rez presentaba problemas card\u00edacos desde hace un tiempo.<\/p>\n<p>  <!--more-->  <\/p>\n<p>Silvia cont\u00f3 que Alberto Aguilera era muy reservado, por ello aunque desde hace meses padec\u00eda problemas card\u00edacos poco se sab\u00eda de ello.<br \/>\u201c\u00c9l siempre fue muy cauteloso con todas sus cosas, si ten\u00eda un malestar nunca le dec\u00eda a nadie, pero los que \u00e9ramos cercanos a \u00e9l sab\u00edamos que no andaba bien de su coraz\u00f3n\u201d, dijo.<br \/>La amiga de Juan Gabriel explic\u00f3 que la \u00faltima vez que habl\u00f3 con el Divo fue hace ocho d\u00edas, y nunca le coment\u00f3 tener alg\u00fan malestar, aunque ella sab\u00eda de los problemas de salud que el int\u00e9rprete ten\u00eda.<br \/>\u201cMe imagino que habr\u00e1 muerto mientras dorm\u00eda porque \u00e9l nunca estaba despierto a la hora que los reportes se\u00f1alan que muri\u00f3\u201d, finaliz\u00f3.<\/p>\n","protected":false},"excerpt":{"rendered":"<p>Silvia Urquidi, fiel e incondicional amiga de Juan Gabriel, asegur\u00f3 que el Divo de Ju\u00e1rez presentaba problemas card\u00edacos desde hace un tiempo.<\/p>\n","protected":false},"author":93,"featured_media":0,"comment_status":"open","ping_status":"open","sticky":false,"template":"","format":"standard","meta":{"footnotes":""},"categories":[38],"tags":[],"class_list":["post-27484","post","type-post","status-publish","format-standard","hentry","category-show"],"_links":{"self":[{"href":"https:\/\/plazajuarez.mx\/historico\/wp-json\/wp\/v2\/posts\/27484","targetHints":{"allow":["GET"]}}],"collection":[{"href":"https:\/\/plazajuarez.mx\/historico\/wp-json\/wp\/v2\/posts"}],"about":[{"href":"https:\/\/plazajuarez.mx\/historico\/wp-json\/wp\/v2\/types\/post"}],"author":[{"embeddable":true,"href":"https:\/\/plazajuarez.mx\/historico\/wp-json\/wp\/v2\/users\/93"}],"replies":[{"embeddable":true,"href":"https:\/\/plazajuarez.mx\/historico\/wp-json\/wp\/v2\/comments?post=27484"}],"version-history":[{"count":0,"href":"https:\/\/plazajuarez.mx\/historico\/wp-json\/wp\/v2\/posts\/27484\/revisions"}],"wp:attachment":[{"href":"https:\/\/plazajuarez.mx\/historico\/wp-json\/wp\/v2\/media?parent=27484"}],"wp:term":[{"taxonomy":"category","embeddable":true,"href":"https:\/\/plazajuarez.mx\/historico\/wp-json\/wp\/v2\/categories?post=27484"},{"taxonomy":"post_tag","embeddable":true,"href":"https:\/\/plazajuarez.mx\/historico\/wp-json\/wp\/v2\/tags?post=27484"}],"curies":[{"name":"wp","href":"https:\/\/api.w.org\/{rel}","templated":true}]}}