{"id":274807,"date":"2023-08-08T11:30:15","date_gmt":"2023-08-08T17:30:15","guid":{"rendered":"https:\/\/plazajuarez.mx\/?p=274807"},"modified":"2023-08-08T11:30:16","modified_gmt":"2023-08-08T17:30:16","slug":"karol-g-anuncia-colaboracion-con-peso-pluma","status":"publish","type":"post","link":"https:\/\/plazajuarez.mx\/historico\/karol-g-anuncia-colaboracion-con-peso-pluma\/","title":{"rendered":"Karol G anuncia colaboraci\u00f3n con Peso Pluma"},"content":{"rendered":"\n<p>La cantante Karol G anunci\u00f3 la lista de canciones para su nuevo \u00e1lbum, donde figura el nombre del rapero mexicano Peso Pluma.<\/p>\n\n\n\n<p>Por medio de Instagram, la &#8220;Bichota&#8221; comparti\u00f3 los temas que estrenar\u00e1 pr\u00f3ximamente, as\u00ed como los artistas que formar\u00e1n parte de ella.<\/p>\n\n\n\n<p>Sin embargo, llama la atenci\u00f3n la colaboraci\u00f3n que tendr\u00e1 con el cantante Peso Pluma, con quien compartir\u00e1 el tema: &#8220;QLONA&#8221;.<\/p>\n\n\n\n<p>Por su parte, Peso Pluma revel\u00f3 por medio de la misma red social lo que ser\u00e1 parte del fragmento de la canci\u00f3n.<\/p>\n","protected":false},"excerpt":{"rendered":"<p>La cantante Karol G anunci\u00f3 la lista de canciones para su nuevo \u00e1lbum, donde figura el nombre del rapero mexicano Peso Pluma. Por medio de Instagram, la &#8220;Bichota&#8221; comparti\u00f3 los temas que estrenar\u00e1 pr\u00f3ximamente, as\u00ed como los artistas que formar\u00e1n parte de ella. Sin embargo, llama la atenci\u00f3n la colaboraci\u00f3n que tendr\u00e1 con el cantante [&hellip;]<\/p>\n","protected":false},"author":81,"featured_media":274808,"comment_status":"closed","ping_status":"closed","sticky":false,"template":"","format":"standard","meta":{"footnotes":""},"categories":[38],"tags":[],"class_list":["post-274807","post","type-post","status-publish","format-standard","has-post-thumbnail","hentry","category-show"],"_links":{"self":[{"href":"https:\/\/plazajuarez.mx\/historico\/wp-json\/wp\/v2\/posts\/274807","targetHints":{"allow":["GET"]}}],"collection":[{"href":"https:\/\/plazajuarez.mx\/historico\/wp-json\/wp\/v2\/posts"}],"about":[{"href":"https:\/\/plazajuarez.mx\/historico\/wp-json\/wp\/v2\/types\/post"}],"author":[{"embeddable":true,"href":"https:\/\/plazajuarez.mx\/historico\/wp-json\/wp\/v2\/users\/81"}],"replies":[{"embeddable":true,"href":"https:\/\/plazajuarez.mx\/historico\/wp-json\/wp\/v2\/comments?post=274807"}],"version-history":[{"count":0,"href":"https:\/\/plazajuarez.mx\/historico\/wp-json\/wp\/v2\/posts\/274807\/revisions"}],"wp:featuredmedia":[{"embeddable":true,"href":"https:\/\/plazajuarez.mx\/historico\/wp-json\/wp\/v2\/media\/274808"}],"wp:attachment":[{"href":"https:\/\/plazajuarez.mx\/historico\/wp-json\/wp\/v2\/media?parent=274807"}],"wp:term":[{"taxonomy":"category","embeddable":true,"href":"https:\/\/plazajuarez.mx\/historico\/wp-json\/wp\/v2\/categories?post=274807"},{"taxonomy":"post_tag","embeddable":true,"href":"https:\/\/plazajuarez.mx\/historico\/wp-json\/wp\/v2\/tags?post=274807"}],"curies":[{"name":"wp","href":"https:\/\/api.w.org\/{rel}","templated":true}]}}