{"id":274777,"date":"2023-08-08T08:49:50","date_gmt":"2023-08-08T14:49:50","guid":{"rendered":"https:\/\/plazajuarez.mx\/?p=274777"},"modified":"2023-08-08T08:49:52","modified_gmt":"2023-08-08T14:49:52","slug":"periodista-afirma-que-no-es-luismi-el-que-canta-en-argentina","status":"publish","type":"post","link":"https:\/\/plazajuarez.mx\/historico\/periodista-afirma-que-no-es-luismi-el-que-canta-en-argentina\/","title":{"rendered":"Periodista afirma que no es Luismi el que canta en Argentina"},"content":{"rendered":"\n<p>La gira de Luis Miguel se encuentra viviendo sus primeros espect\u00e1culos en la Argentina, en donde el artista tiene previstos 10 conciertos en el Movistar Arena de Buenos Aires. Su estad\u00eda en el pa\u00eds sudamericano la lleva a cabo, junto a su novia Paloma Cuevas, en el lujoso hotel &#8220;Faena&#8221; de Puerto Madero.<\/p>\n\n\n\n<p>Desde que el int\u00e9rprete de &#8220;La incondicional&#8221; lleg\u00f3 a la Argentina el mundo comenz\u00f3 a hablar sobre su apariencia f\u00edsica ya que hac\u00eda mucho tiempo que no pisaba un escenario. Sin embargo, no todos son halagos para Luis Miguel ya que existen algunos rumores que hablan sobre que el cantante lleg\u00f3 con un par de dobles y esa teor\u00eda fue alimentada por un reconocido periodista argentino.<\/p>\n\n\n\n<p>\u00bfNo es Luis Miguel el que canta en Argentina?<\/p>\n\n\n\n<p>Mientras Luis Miguel ofrece sus shows en Buenos Aires, el periodista Luis Ventura revolucion\u00f3 a sus seguidores con algunas afirmaciones que sembraron miles de inc\u00f3gnitas. Fue en el programa televisivo &#8220;Secretos Verdaderos&#8221;, que se emite por la se\u00f1al de Am\u00e9rica, que el periodista afirm\u00f3 que sobre el escenario del Movistar Arena no es el verdadero Luis Miguel el que se desempe\u00f1a.<\/p>\n\n\n\n<p>&#8220;Vino con dos dobles extranjeros. Vinieron en distintos momentos. \u00c9l juega con sus dobles, con sus parecidos&#8221;, comenz\u00f3 diciendo Luis Ventura sosteniendo la teor\u00eda de que &#8220;El Sol de M\u00e9xico&#8221; no es el que est\u00e1 cantando. Y a\u00f1adi\u00f3 que lo hace porque Luis Miguel no siempre est\u00e1 disponible para subir al escenario por sus &#8220;excesos con el alcohol y las drogas&#8221;.<\/p>\n\n\n\n<p>El periodista, subi\u00f3 a\u00fan m\u00e1s la vara y afirm\u00f3 que Luis Miguel &#8220;en m\u00e1s de una oportunidad estuvo de inc\u00f3gnito en la Argentina yendo a ver a su madre&#8221;. Luis Ventura remarc\u00f3 en este punto que Marcela Basteri, la madre del artista, se encuentra internada en un hospital neuropsiqui\u00e1trico de Argentina. &#8220;Lo dije siempre y lo voy a repetir 200 veces&#8221;, culmin\u00f3.<\/p>\n","protected":false},"excerpt":{"rendered":"<p>La gira de Luis Miguel se encuentra viviendo sus primeros espect\u00e1culos en la Argentina, en donde el artista tiene previstos 10 conciertos en el Movistar Arena de Buenos Aires. Su estad\u00eda en el pa\u00eds sudamericano la lleva a cabo, junto a su novia Paloma Cuevas, en el lujoso hotel &#8220;Faena&#8221; de Puerto Madero. Desde que [&hellip;]<\/p>\n","protected":false},"author":81,"featured_media":274782,"comment_status":"closed","ping_status":"closed","sticky":false,"template":"","format":"standard","meta":{"footnotes":""},"categories":[38],"tags":[],"class_list":["post-274777","post","type-post","status-publish","format-standard","has-post-thumbnail","hentry","category-show"],"_links":{"self":[{"href":"https:\/\/plazajuarez.mx\/historico\/wp-json\/wp\/v2\/posts\/274777","targetHints":{"allow":["GET"]}}],"collection":[{"href":"https:\/\/plazajuarez.mx\/historico\/wp-json\/wp\/v2\/posts"}],"about":[{"href":"https:\/\/plazajuarez.mx\/historico\/wp-json\/wp\/v2\/types\/post"}],"author":[{"embeddable":true,"href":"https:\/\/plazajuarez.mx\/historico\/wp-json\/wp\/v2\/users\/81"}],"replies":[{"embeddable":true,"href":"https:\/\/plazajuarez.mx\/historico\/wp-json\/wp\/v2\/comments?post=274777"}],"version-history":[{"count":0,"href":"https:\/\/plazajuarez.mx\/historico\/wp-json\/wp\/v2\/posts\/274777\/revisions"}],"wp:featuredmedia":[{"embeddable":true,"href":"https:\/\/plazajuarez.mx\/historico\/wp-json\/wp\/v2\/media\/274782"}],"wp:attachment":[{"href":"https:\/\/plazajuarez.mx\/historico\/wp-json\/wp\/v2\/media?parent=274777"}],"wp:term":[{"taxonomy":"category","embeddable":true,"href":"https:\/\/plazajuarez.mx\/historico\/wp-json\/wp\/v2\/categories?post=274777"},{"taxonomy":"post_tag","embeddable":true,"href":"https:\/\/plazajuarez.mx\/historico\/wp-json\/wp\/v2\/tags?post=274777"}],"curies":[{"name":"wp","href":"https:\/\/api.w.org\/{rel}","templated":true}]}}