{"id":274771,"date":"2023-08-08T08:37:09","date_gmt":"2023-08-08T14:37:09","guid":{"rendered":"https:\/\/plazajuarez.mx\/?p=274771"},"modified":"2023-08-08T08:37:11","modified_gmt":"2023-08-08T14:37:11","slug":"las-huelgas-de-hollywood-una-crisis-peor-que-la-pandemia-para-los-negocios-del-cine","status":"publish","type":"post","link":"https:\/\/plazajuarez.mx\/historico\/las-huelgas-de-hollywood-una-crisis-peor-que-la-pandemia-para-los-negocios-del-cine\/","title":{"rendered":"Las huelgas de Hollywood: una crisis peor que la pandemia para los negocios del cine"},"content":{"rendered":"\n<p>Los due\u00f1os de los negocios vinculados a la industria del entretenimiento en Estados Unidos se han visto afectados por las huelgas de Hollywood, que para ellos est\u00e1 siendo peor que la pandemia.<\/p>\n\n\n\n<p>&#8220;Estamos en modo de supervivencia&#8221;, dice en una entrevista con EFE Adrianna Cruz-Ocampo, due\u00f1a del negocio de enamarcado U-Frame-It ubicado en el barrio de North Hollywood de Los \u00c1ngeles, una de las zonas m\u00e1s afectadas por el par\u00f3n debido a la gran cantidad de tiendas que proveen de servicios a las producciones.<\/p>\n\n\n\n<p>Han pasado 14 semanas desde que el Sindicato de Guionistas (WGA) irrumpi\u00f3 con una huelga, y tres desde que el Sindicato de Actores (SAG-AFTRA) se uniera al movimiento, sin que se haya logrado llegar a un acuerdo con los estudios que representa la Alianza de Productores de Cine y Televisi\u00f3n (AMPTP) para la realizaci\u00f3n de un convenio colectivo.<\/p>\n\n\n\n<p>Entre las peticiones que ambas uniones demandan est\u00e1 la regulaci\u00f3n de la inteligencia artificial (IA), mejoras en las condiciones laborales, as\u00ed como transparencia de parte de las plataformas con respecto a c\u00f3mo se calculan los importes de los derechos residuales.<\/p>\n\n\n\n<p>El c\u00e1lculo aproximado de p\u00e9rdidas econ\u00f3micas para el pa\u00eds a\u00fan ronda los 4.000 millones de d\u00f3lares (unos 3.629 millones de euros), pero la cantidad puede aumentar si el conflicto no se resuelve para finales de agosto, seg\u00fan confirma a EFE el jefe de estrategia global del Instituto Milken de California, Kevin Klowden.<\/p>\n\n\n\n<p>Si bien los miembros de los gremios comienzan a sentir las consecuencias del paro, existen fondos de fundaciones asociadas con los sindicatos que pueden apoyarlos econ\u00f3micamente. Pero los comercios afectados no cuentan con ning\u00fan tipo de apoyo.<\/p>\n\n\n\n<p>Su patrimonio est\u00e1 desprotegido, algunos ven amenazada su permanencia y los m\u00e1s desfavorecidos ya tuvieron que cerrar sus puertas.<\/p>\n\n\n\n<p>La tienda de utiler\u00eda History for Hire, de Pam Elyea, que ha dado vida a escenarios de pel\u00edculas como &#8220;La La Land&#8221; o m\u00e1s recientemente &#8220;Oppenheimer&#8221;, ha tenido que despedir a la mitad de su personal y ha apagado las luces de su bodega como uno de los \u00faltimos recursos para ahorrar en gastos y poder sobrevivir a la crisis.<\/p>\n\n\n\n<p>La casa de flores Sandy Rose Floral, de Corri Levelle, que se dedica totalmente a producciones de cine y televisi\u00f3n, mantiene peonias, girasoles y lavandas artificiales intactas en cajas y conserva a tres de los nueve trabajadores que diariamente manten\u00edan desordenado su local realizando pedidos.<\/p>\n\n\n\n<p>Mientras, Cruz-Ocampo y su familia hacen esfuerzos para diversificar su clientela, pese a que el 85 % de sus proyectos cotidianos estaban relacionados con la industria del entretenimiento.<\/p>\n\n\n\n<p><strong>LLUEVE SOBRE MOJADO<\/strong><\/p>\n\n\n\n<p>&#8220;La vida nos ha cambiado y lo que lo ha hecho tan dif\u00edcil es que al fin nos est\u00e1bamos acomodando despu\u00e9s de la pandemia y ahora tenemos una huelga que ha golpeado nuestros negocios de nuevo, cuyas preguntas son m\u00e1s dif\u00edciles de responder&#8221;, comenta Elyea, quien comenz\u00f3 su negocio junto a su esposo hace casi 40 a\u00f1os.<\/p>\n\n\n\n<p>Ahorrar en electricidad, recortar personal y diversificar su clientela no ha sido suficiente. Algunos alquileres de los locales alcanzan los 45.000 d\u00f3lares (40.000 euros) mensuales, mientras los negocios a duras penas consiguen generar el 15 % de sus ingresos normales.<\/p>\n\n\n\n<p>&#8220;Durante la pandemia hab\u00eda un sentimiento de que todos estaban en el mismo barco, hab\u00eda apoyos del gobierno federal o estatal y pr\u00e9stamos de protecci\u00f3n de sueldo. Ahora estos problemas son muy espec\u00edficos&#8221;, menciona Klowden.<\/p>\n\n\n\n<p>Adem\u00e1s, durante el confinamiento por coronavirus las producciones estaban planeando un regreso paulatino a las actividades y eso brindaba esperanza a los propietarios.<\/p>\n\n\n\n<p>Y aunque actualmente SAG-AFTRA ha expedido permisos especiales a proyectos independientes cuyas casas productoras no est\u00e9n ligadas a la AMPTP, sigue sin ser suficiente para subsanar los da\u00f1os.<\/p>\n\n\n\n<p>&#8220;Es hora de que el condado de Los \u00c1ngeles intervenga. Somos negocios leales que no se han ido a otros lados, necesitamos una ayuda para continuar&#8221;, apunta Elyea.<\/p>\n\n\n\n<p><strong>P\u00c9RDIDA CULTURAL<\/strong><\/p>\n\n\n\n<p>La desaparici\u00f3n de negocios a causa de la huelga no solamente supone p\u00e9rdidas econ\u00f3micas, sino culturales y de memoria hist\u00f3rica que podr\u00edan tener repercusiones en la industria.<\/p>\n\n\n\n<p>&#8220;Si pierdes una empresa de servicios especializados con toda su experiencia en los productos que Hollywood quiere, perder\u00e1s esa memoria institucional, pierdes esas habilidades y es dif\u00edcil reemplazarlas&#8221;, explica Klowden.<\/p>\n\n\n\n<p>Desde la perspectiva del especialista, los productores de la AMPTP est\u00e1n esperando que las condiciones econ\u00f3micas de los escritores y los actores empeoren lo suficiente para obligarlos a regresar a la mesa de negociaci\u00f3n &#8220;en una posici\u00f3n m\u00e1s d\u00e9bil&#8221;, pero lo \u00fanico que pueden lograr es una fuga de talento peligrosa.<\/p>\n\n\n\n<p>&#8220;Este pedacito de la industria es un pedazo de historia, es una parte muy importante de Los \u00c1ngeles, no podemos dejar que se vaya de aqu\u00ed&#8221;, dice Remy de la Mora, ejecutivo de ventas de History for Hire.<\/p>\n\n\n\n<p>Por su parte, Corri Levelle pide a los sindicatos y a la alianza solucionar sus diferencias con mayor rapidez, y considera que dicho conflicto es un reflejo de la situaci\u00f3n general por la que atraviesa el pa\u00eds.<\/p>\n\n\n\n<p>&#8220;Creo que hay muchos problemas que resolver ahora mismo para lograr una situaci\u00f3n m\u00e1s equitativa para los actores y los escritores. Veo desafortunado que las grandes corporaciones no lo vean y no quieran compartir con los dem\u00e1s, es algo end\u00e9mico en el pa\u00eds&#8221;, indica.<\/p>\n\n\n\n<p>Para hacer eco de su situaci\u00f3n y visibilizar sus necesidades, una de las alternativas que 20 tiendas de utiler\u00eda llevaron a cabo fue una venta de garaje para recolectar fondos.<\/p>\n\n\n\n<p>El pasado 1 de agosto se dio a conocer que el WGA volver\u00eda a la mesa de negociaciones con la AMPTP el viernes 4, pero hasta el momento no hay novedades.<\/p>\n","protected":false},"excerpt":{"rendered":"<p>Los due\u00f1os de los negocios vinculados a la industria del entretenimiento en Estados Unidos se han visto afectados por las huelgas de Hollywood, que para ellos est\u00e1 siendo peor que la pandemia. &#8220;Estamos en modo de supervivencia&#8221;, dice en una entrevista con EFE Adrianna Cruz-Ocampo, due\u00f1a del negocio de enamarcado U-Frame-It ubicado en el barrio [&hellip;]<\/p>\n","protected":false},"author":80,"featured_media":274773,"comment_status":"closed","ping_status":"closed","sticky":false,"template":"","format":"standard","meta":{"footnotes":""},"categories":[38],"tags":[],"class_list":["post-274771","post","type-post","status-publish","format-standard","has-post-thumbnail","hentry","category-show"],"_links":{"self":[{"href":"https:\/\/plazajuarez.mx\/historico\/wp-json\/wp\/v2\/posts\/274771","targetHints":{"allow":["GET"]}}],"collection":[{"href":"https:\/\/plazajuarez.mx\/historico\/wp-json\/wp\/v2\/posts"}],"about":[{"href":"https:\/\/plazajuarez.mx\/historico\/wp-json\/wp\/v2\/types\/post"}],"author":[{"embeddable":true,"href":"https:\/\/plazajuarez.mx\/historico\/wp-json\/wp\/v2\/users\/80"}],"replies":[{"embeddable":true,"href":"https:\/\/plazajuarez.mx\/historico\/wp-json\/wp\/v2\/comments?post=274771"}],"version-history":[{"count":0,"href":"https:\/\/plazajuarez.mx\/historico\/wp-json\/wp\/v2\/posts\/274771\/revisions"}],"wp:featuredmedia":[{"embeddable":true,"href":"https:\/\/plazajuarez.mx\/historico\/wp-json\/wp\/v2\/media\/274773"}],"wp:attachment":[{"href":"https:\/\/plazajuarez.mx\/historico\/wp-json\/wp\/v2\/media?parent=274771"}],"wp:term":[{"taxonomy":"category","embeddable":true,"href":"https:\/\/plazajuarez.mx\/historico\/wp-json\/wp\/v2\/categories?post=274771"},{"taxonomy":"post_tag","embeddable":true,"href":"https:\/\/plazajuarez.mx\/historico\/wp-json\/wp\/v2\/tags?post=274771"}],"curies":[{"name":"wp","href":"https:\/\/api.w.org\/{rel}","templated":true}]}}