{"id":274762,"date":"2023-08-08T08:32:46","date_gmt":"2023-08-08T14:32:46","guid":{"rendered":"https:\/\/plazajuarez.mx\/?p=274762"},"modified":"2023-08-08T08:32:48","modified_gmt":"2023-08-08T14:32:48","slug":"un-verano-inusualmente-frio-en-centroeuropa-provoca-nevadas-bajo-los-2-000-metros-en-suiza","status":"publish","type":"post","link":"https:\/\/plazajuarez.mx\/historico\/un-verano-inusualmente-frio-en-centroeuropa-provoca-nevadas-bajo-los-2-000-metros-en-suiza\/","title":{"rendered":"Un verano inusualmente fr\u00edo en Centroeuropa provoca nevadas bajo los 2.000 metros en Suiza"},"content":{"rendered":"\n<p>Las temperaturas inusualmente bajas que en las \u00faltimas semanas se registran en algunos pa\u00edses centroeuropeos han provocado nevadas en zonas de los Alpes suizos, incluso por debajo de la cota de los 2.000 metros, indic\u00f3 hoy Radio Televisi\u00f3n Suiza (RTS).<\/p>\n\n\n\n<p>Las \u00faltimas precipitaciones en forma de nieve por debajo de esa cota se han producido en la noche del domingo a hoy lunes, e incluso han obligado a cerrar un puerto de monta\u00f1a en Nufenen (2.478 metros), que une los cantones alpinos de Valais y Tesino en el sur del pa\u00eds, relat\u00f3 el canal nacional suizo.<\/p>\n\n\n\n<p>El servicio meteorol\u00f3gico nacional tambi\u00e9n comparti\u00f3 hoy por redes sociales im\u00e1genes de otro puerto entre cantones, el de Oberalp (que comunica Grisones con Uri), cubierto de nieve tambi\u00e9n a alturas inferiores a los 2.000 metros.<\/p>\n\n\n\n<p>Aunque la situaci\u00f3n contrasta con las olas de calor vividas en el sur de Europa, especialmente en la costa Mediterr\u00e1nea, los meteor\u00f3logos suizos afirman que estas nevadas estivales a &#8220;baja altura&#8221; se producen en el pa\u00eds alpino cada dos o tres a\u00f1os.<\/p>\n\n\n\n<p>Tambi\u00e9n indican que en los pr\u00f3ximos d\u00edas subir\u00e1n las temperaturas hasta valores m\u00e1s habituales en estas fechas, lo que har\u00e1 que desaparezca r\u00e1pidamente la nieve ca\u00edda a baja altitud, manteni\u00e9ndose s\u00f3lo por encima de los 3.500 metros.<\/p>\n","protected":false},"excerpt":{"rendered":"<p>Las temperaturas inusualmente bajas que en las \u00faltimas semanas se registran en algunos pa\u00edses centroeuropeos han provocado nevadas en zonas de los Alpes suizos, incluso por debajo de la cota de los 2.000 metros, indic\u00f3 hoy Radio Televisi\u00f3n Suiza (RTS). Las \u00faltimas precipitaciones en forma de nieve por debajo de esa cota se han producido [&hellip;]<\/p>\n","protected":false},"author":80,"featured_media":274763,"comment_status":"closed","ping_status":"closed","sticky":false,"template":"","format":"standard","meta":{"footnotes":""},"categories":[31],"tags":[],"class_list":["post-274762","post","type-post","status-publish","format-standard","has-post-thumbnail","hentry","category-orbe"],"_links":{"self":[{"href":"https:\/\/plazajuarez.mx\/historico\/wp-json\/wp\/v2\/posts\/274762","targetHints":{"allow":["GET"]}}],"collection":[{"href":"https:\/\/plazajuarez.mx\/historico\/wp-json\/wp\/v2\/posts"}],"about":[{"href":"https:\/\/plazajuarez.mx\/historico\/wp-json\/wp\/v2\/types\/post"}],"author":[{"embeddable":true,"href":"https:\/\/plazajuarez.mx\/historico\/wp-json\/wp\/v2\/users\/80"}],"replies":[{"embeddable":true,"href":"https:\/\/plazajuarez.mx\/historico\/wp-json\/wp\/v2\/comments?post=274762"}],"version-history":[{"count":0,"href":"https:\/\/plazajuarez.mx\/historico\/wp-json\/wp\/v2\/posts\/274762\/revisions"}],"wp:featuredmedia":[{"embeddable":true,"href":"https:\/\/plazajuarez.mx\/historico\/wp-json\/wp\/v2\/media\/274763"}],"wp:attachment":[{"href":"https:\/\/plazajuarez.mx\/historico\/wp-json\/wp\/v2\/media?parent=274762"}],"wp:term":[{"taxonomy":"category","embeddable":true,"href":"https:\/\/plazajuarez.mx\/historico\/wp-json\/wp\/v2\/categories?post=274762"},{"taxonomy":"post_tag","embeddable":true,"href":"https:\/\/plazajuarez.mx\/historico\/wp-json\/wp\/v2\/tags?post=274762"}],"curies":[{"name":"wp","href":"https:\/\/api.w.org\/{rel}","templated":true}]}}