{"id":274750,"date":"2023-08-08T08:26:00","date_gmt":"2023-08-08T14:26:00","guid":{"rendered":"https:\/\/plazajuarez.mx\/?p=274750"},"modified":"2023-08-08T08:26:01","modified_gmt":"2023-08-08T14:26:01","slug":"aficionados-del-cruz-azul-revientan-a-ferretti-y-agradecen-su-despido","status":"publish","type":"post","link":"https:\/\/plazajuarez.mx\/historico\/aficionados-del-cruz-azul-revientan-a-ferretti-y-agradecen-su-despido\/","title":{"rendered":"AFICIONADOS DEL CRUZ AZUL REVIENTAN A FERRETTI Y AGRADECEN SU DESPIDO"},"content":{"rendered":"\n<p>Se tomaron decisiones en La Noria y una de ellas fue el despido de Ricardo Ferretti de la direcci\u00f3n t\u00e9cnica del Cruz Azul.<\/p>\n\n\n\n<p>Su llegada al banquillo celeste dio tranquilidad al interior de la instituci\u00f3n y a la afici\u00f3n, algo que entonces se tom\u00f3 como uno de los proyectos m\u00e1s serios y fuertes de la Liga MX.<\/p>\n\n\n\n<p>Pero con el paso de las jornadas la situaci\u00f3n cambi\u00f3. Todo esto acumul\u00f3 un mal sabor de boca en la afici\u00f3n cementera, quien hoy &#8220;celebra&#8221; que se haya tomado la decisi\u00f3n de separar al brasile\u00f1o.<\/p>\n\n\n\n<p>&#8220;Finjamos sorpresa&#8221;, &#8220;Qu\u00e9 bueno, lo mejor que ha hecho Cruz Azul en meses&#8221;, &#8220;GRACIAS A DIOS&#8221;, &#8220;Lo mejor del d\u00eda&#8221;, &#8220;Gracias por nada y nunca vuelvas&#8221;, dicen algunas respuestas.<\/p>\n","protected":false},"excerpt":{"rendered":"<p>Se tomaron decisiones en La Noria y una de ellas fue el despido de Ricardo Ferretti de la direcci\u00f3n t\u00e9cnica del Cruz Azul. Su llegada al banquillo celeste dio tranquilidad al interior de la instituci\u00f3n y a la afici\u00f3n, algo que entonces se tom\u00f3 como uno de los proyectos m\u00e1s serios y fuertes de la [&hellip;]<\/p>\n","protected":false},"author":81,"featured_media":274753,"comment_status":"closed","ping_status":"closed","sticky":false,"template":"","format":"standard","meta":{"footnotes":""},"categories":[39],"tags":[],"class_list":["post-274750","post","type-post","status-publish","format-standard","has-post-thumbnail","hentry","category-deportiva"],"_links":{"self":[{"href":"https:\/\/plazajuarez.mx\/historico\/wp-json\/wp\/v2\/posts\/274750","targetHints":{"allow":["GET"]}}],"collection":[{"href":"https:\/\/plazajuarez.mx\/historico\/wp-json\/wp\/v2\/posts"}],"about":[{"href":"https:\/\/plazajuarez.mx\/historico\/wp-json\/wp\/v2\/types\/post"}],"author":[{"embeddable":true,"href":"https:\/\/plazajuarez.mx\/historico\/wp-json\/wp\/v2\/users\/81"}],"replies":[{"embeddable":true,"href":"https:\/\/plazajuarez.mx\/historico\/wp-json\/wp\/v2\/comments?post=274750"}],"version-history":[{"count":0,"href":"https:\/\/plazajuarez.mx\/historico\/wp-json\/wp\/v2\/posts\/274750\/revisions"}],"wp:featuredmedia":[{"embeddable":true,"href":"https:\/\/plazajuarez.mx\/historico\/wp-json\/wp\/v2\/media\/274753"}],"wp:attachment":[{"href":"https:\/\/plazajuarez.mx\/historico\/wp-json\/wp\/v2\/media?parent=274750"}],"wp:term":[{"taxonomy":"category","embeddable":true,"href":"https:\/\/plazajuarez.mx\/historico\/wp-json\/wp\/v2\/categories?post=274750"},{"taxonomy":"post_tag","embeddable":true,"href":"https:\/\/plazajuarez.mx\/historico\/wp-json\/wp\/v2\/tags?post=274750"}],"curies":[{"name":"wp","href":"https:\/\/api.w.org\/{rel}","templated":true}]}}