{"id":274748,"date":"2023-08-08T08:34:53","date_gmt":"2023-08-08T14:34:53","guid":{"rendered":"https:\/\/plazajuarez.mx\/?p=274748"},"modified":"2023-08-08T08:34:55","modified_gmt":"2023-08-08T14:34:55","slug":"amlo-felicita-a-estudiantes-ganadores-en-competencias-de-matematicas","status":"publish","type":"post","link":"https:\/\/plazajuarez.mx\/historico\/amlo-felicita-a-estudiantes-ganadores-en-competencias-de-matematicas\/","title":{"rendered":"AMLO felicita a estudiantes ganadores en competencias de matem\u00e1ticas"},"content":{"rendered":"\n<p>El presidente Andr\u00e9s Manuel L\u00f3pez Obrador expres\u00f3 una felicitaci\u00f3n a estudiantes ganadores en competencias internacionales en aritm\u00e9tica, matem\u00e1ticas y a una deportista porque con sus logros son mexicanos ejemplares.<\/p>\n\n\n\n<p>&#8220;Quiero enviar una felicitaci\u00f3n a Roi Fernando Monroy, que ha puesto el nombre de M\u00e9xico en alto al ganar el primer lugar en su categor\u00eda en el campeonato mundial de aritm\u00e9tica celebrado el 30 de julio de 2023 en Malasia&#8221;.<\/p>\n\n\n\n<p>En conferencia de prensa, el titilar del Ejecutivo dijo que Monroy originario de Hidalgo y con tan s\u00f3lo nueve a\u00f1os de edad logr\u00f3 ser el ganador en su categor\u00eda, despu\u00e9s de resolver 70 operaciones aritm\u00e9ticas de manera mental en s\u00f3lo cinco minutos al superar a talentosos ni\u00f1os de m\u00e1s de 40 pa\u00edses.<\/p>\n\n\n\n<p>&#8220;Tambi\u00e9n felicitamos a Rogelio Guerrero, joven de 17 a\u00f1os, originario de Aguascalientes, gan\u00f3 la medalla de oro en la Olimpiada Internacional de Matem\u00e1ticas, realizada en Jap\u00f3n el pasado 11 de julio de 2023&#8221;.<\/p>\n\n\n\n<p>En sus congratulaciones, el Mandatario expres\u00f3 que se siente muy orgullosos de la atleta Alejandra Valencia, de 28 a\u00f1os de edad, quien obtuvo la medalla de plata, quedando como subcampeona del Campeonato Mundial de tiro de arco de Berl\u00edn, Alemania.<\/p>\n\n\n\n<p>&#8220;Nuestra felicitaci\u00f3n a estos ejemplares mexicanos&#8221;, destac\u00f3.<\/p>\n\n\n\n<p><\/p>\n","protected":false},"excerpt":{"rendered":"<p>El presidente Andr\u00e9s Manuel L\u00f3pez Obrador expres\u00f3 una felicitaci\u00f3n a estudiantes ganadores en competencias internacionales en aritm\u00e9tica, matem\u00e1ticas y a una deportista porque con sus logros son mexicanos ejemplares. &#8220;Quiero enviar una felicitaci\u00f3n a Roi Fernando Monroy, que ha puesto el nombre de M\u00e9xico en alto al ganar el primer lugar en su categor\u00eda en [&hellip;]<\/p>\n","protected":false},"author":81,"featured_media":271379,"comment_status":"closed","ping_status":"closed","sticky":false,"template":"","format":"standard","meta":{"footnotes":""},"categories":[36,2160],"tags":[],"class_list":["post-274748","post","type-post","status-publish","format-standard","has-post-thumbnail","hentry","category-nacion","category-noticias-de-la-ciudad-de-mexico"],"_links":{"self":[{"href":"https:\/\/plazajuarez.mx\/historico\/wp-json\/wp\/v2\/posts\/274748","targetHints":{"allow":["GET"]}}],"collection":[{"href":"https:\/\/plazajuarez.mx\/historico\/wp-json\/wp\/v2\/posts"}],"about":[{"href":"https:\/\/plazajuarez.mx\/historico\/wp-json\/wp\/v2\/types\/post"}],"author":[{"embeddable":true,"href":"https:\/\/plazajuarez.mx\/historico\/wp-json\/wp\/v2\/users\/81"}],"replies":[{"embeddable":true,"href":"https:\/\/plazajuarez.mx\/historico\/wp-json\/wp\/v2\/comments?post=274748"}],"version-history":[{"count":0,"href":"https:\/\/plazajuarez.mx\/historico\/wp-json\/wp\/v2\/posts\/274748\/revisions"}],"wp:featuredmedia":[{"embeddable":true,"href":"https:\/\/plazajuarez.mx\/historico\/wp-json\/wp\/v2\/media\/271379"}],"wp:attachment":[{"href":"https:\/\/plazajuarez.mx\/historico\/wp-json\/wp\/v2\/media?parent=274748"}],"wp:term":[{"taxonomy":"category","embeddable":true,"href":"https:\/\/plazajuarez.mx\/historico\/wp-json\/wp\/v2\/categories?post=274748"},{"taxonomy":"post_tag","embeddable":true,"href":"https:\/\/plazajuarez.mx\/historico\/wp-json\/wp\/v2\/tags?post=274748"}],"curies":[{"name":"wp","href":"https:\/\/api.w.org\/{rel}","templated":true}]}}