{"id":274658,"date":"2023-08-07T13:29:39","date_gmt":"2023-08-07T19:29:39","guid":{"rendered":"https:\/\/plazajuarez.mx\/?p=274658"},"modified":"2023-08-07T13:29:41","modified_gmt":"2023-08-07T19:29:41","slug":"autoridades-interceptan-a-126-migrantes-centroamericanos-en-el-oriente-de-mexico","status":"publish","type":"post","link":"https:\/\/plazajuarez.mx\/historico\/autoridades-interceptan-a-126-migrantes-centroamericanos-en-el-oriente-de-mexico\/","title":{"rendered":"Autoridades interceptan a 126 migrantes centroamericanos en el oriente de M\u00e9xico"},"content":{"rendered":"\n<p>El Instituto Nacional de Migraci\u00f3n (INM) de M\u00e9xico intercept\u00f3 este lunes a 126 migrantes centroamericanos, entre ellos 12 menores de edad, que iban transportados de manera ilegal en un autob\u00fas de turismo en el oriental estado de Veracruz.<\/p>\n\n\n\n<p>En un comunicado, el INM precis\u00f3 que agentes de migraci\u00f3n encontraron a 78 migrantes que viajaban en n\u00facleos familiares procedentes de Guatemala, El Salvador y Honduras, \u201cas\u00ed como 12 menores de edad no acompa\u00f1ados y 36 adultos solos\u201d.<\/p>\n\n\n\n<p>De acuerdo con la informaci\u00f3n, detuvieron al autob\u00fas en la caseta de cobro Las Choapas-Ocosocuautla, donde los elementos le marcaron el alto al conductor de la unidad de pasajeros y, tras una revisi\u00f3n, encontraron a los extranjeros en condiciones de hacinamiento.<\/p>\n\n\n\n<p>Los centroamericanos, adem\u00e1s, no comprobaron su estancia legal en el pa\u00eds.<\/p>\n\n\n\n<p>Las autoridades afirmaron que en el lugar les proporcionaron asistencia m\u00e9dica, agua y alimentos.<\/p>\n\n\n\n<p>Y trasladaron a las familias y menores de edad al Sistema Nacional para el Desarrollo Integral de la Familia (DIF) de Acayucan, mientras que se llevaron a los adultos que viajaban solos a instalaciones migratorias.<\/p>\n\n\n\n<p>Apenas este lunes, el presidente de M\u00e9xico, Andr\u00e9s Manuel L\u00f3pez Obrador, reconoci\u00f3 un aumento en el flujo migratorio en el pa\u00eds entre los meses de junio y julio, y asegur\u00f3 que su Gobierno est\u00e1 atendiendo el abandono de migrantes en autobuses de pasajeros, lo que ha aumentado en los \u00faltimos d\u00edas.<\/p>\n\n\n\n<p>El pasado viernes, agentes mexicanos interceptaron un autob\u00fas de pasajeros con 62 migrantes de tres continentes en el norte\u00f1o estado de Sonora, fronterizo con Arizona, Estados Unidos.<\/p>\n\n\n\n<p>Ese mismo d\u00eda, el INM report\u00f3 haber encontrado un autob\u00fas abandonado con 89 migrantes de Ecuador, Honduras y Egipto en el estado de Veracruz.<\/p>\n\n\n\n<p>El transporte de migrantes en condiciones de hacinamiento refleja el in\u00e9dito flujo migratorio en la regi\u00f3n, con m\u00e1s de 2,76 millones de migrantes indocumentados interceptados por Estados Unidos en la frontera con M\u00e9xico durante el a\u00f1o fiscal 2022.<\/p>\n\n\n\n<p>Por su parte, M\u00e9xico registr\u00f3 un incremento anual de m\u00e1s del 43 % en el n\u00famero de &#8220;personas en situaci\u00f3n irregular&#8221; en el pa\u00eds en el pasado a\u00f1o, cuando las autoridades detectaron 444,439 migrantes.<\/p>\n","protected":false},"excerpt":{"rendered":"<p>El Instituto Nacional de Migraci\u00f3n (INM) de M\u00e9xico intercept\u00f3 este lunes a 126 migrantes centroamericanos, entre ellos 12 menores de edad, que iban transportados de manera ilegal en un autob\u00fas de turismo en el oriental estado de Veracruz. En un comunicado, el INM precis\u00f3 que agentes de migraci\u00f3n encontraron a 78 migrantes que viajaban en [&hellip;]<\/p>\n","protected":false},"author":80,"featured_media":274659,"comment_status":"closed","ping_status":"closed","sticky":false,"template":"","format":"standard","meta":{"footnotes":""},"categories":[31],"tags":[],"class_list":["post-274658","post","type-post","status-publish","format-standard","has-post-thumbnail","hentry","category-orbe"],"_links":{"self":[{"href":"https:\/\/plazajuarez.mx\/historico\/wp-json\/wp\/v2\/posts\/274658","targetHints":{"allow":["GET"]}}],"collection":[{"href":"https:\/\/plazajuarez.mx\/historico\/wp-json\/wp\/v2\/posts"}],"about":[{"href":"https:\/\/plazajuarez.mx\/historico\/wp-json\/wp\/v2\/types\/post"}],"author":[{"embeddable":true,"href":"https:\/\/plazajuarez.mx\/historico\/wp-json\/wp\/v2\/users\/80"}],"replies":[{"embeddable":true,"href":"https:\/\/plazajuarez.mx\/historico\/wp-json\/wp\/v2\/comments?post=274658"}],"version-history":[{"count":0,"href":"https:\/\/plazajuarez.mx\/historico\/wp-json\/wp\/v2\/posts\/274658\/revisions"}],"wp:featuredmedia":[{"embeddable":true,"href":"https:\/\/plazajuarez.mx\/historico\/wp-json\/wp\/v2\/media\/274659"}],"wp:attachment":[{"href":"https:\/\/plazajuarez.mx\/historico\/wp-json\/wp\/v2\/media?parent=274658"}],"wp:term":[{"taxonomy":"category","embeddable":true,"href":"https:\/\/plazajuarez.mx\/historico\/wp-json\/wp\/v2\/categories?post=274658"},{"taxonomy":"post_tag","embeddable":true,"href":"https:\/\/plazajuarez.mx\/historico\/wp-json\/wp\/v2\/tags?post=274658"}],"curies":[{"name":"wp","href":"https:\/\/api.w.org\/{rel}","templated":true}]}}