{"id":274652,"date":"2023-08-07T13:20:22","date_gmt":"2023-08-07T19:20:22","guid":{"rendered":"https:\/\/plazajuarez.mx\/?p=274652"},"modified":"2023-08-07T13:20:24","modified_gmt":"2023-08-07T19:20:24","slug":"dos-grandes-incendios-en-portugal-provocan-tres-heridos-leves-y-un-centenar-de-evacuados","status":"publish","type":"post","link":"https:\/\/plazajuarez.mx\/historico\/dos-grandes-incendios-en-portugal-provocan-tres-heridos-leves-y-un-centenar-de-evacuados\/","title":{"rendered":"Dos grandes incendios en Portugal provocan tres heridos leves y un centenar de evacuados"},"content":{"rendered":"\n<p>M\u00e1s de 2.000 efectivos combaten 14 incendios forestales en Portugal, con especial atenci\u00f3n a dos fuegos en las regiones centro y sur del pa\u00eds que han provocado la evacuaci\u00f3n de cerca de un centenar de personas y dos heridos leves, seg\u00fan los cuerpos de seguridad.<\/p>\n\n\n\n<p>Fuentes de Protecci\u00f3n Civil lusa informaron a EFE de que las labores de extinci\u00f3n de las llamas est\u00e1n siendo dificultadas por &#8220;el viento y las altas temperaturas&#8221;, que rozan los 40 grados Celsius.<\/p>\n\n\n\n<p>En concreto, cerca de 300 efectivos con 88 veh\u00edculos y 2 medios a\u00e9reos combaten un incendio en curso en la localidad de Our\u00e9m (140 km al norte de Lisboa), en el distrito de Santar\u00e9m, que ha dejado dos bomberos con heridas leves y un civil asistido.<\/p>\n\n\n\n<p>Por otra parte, en Odemira (distrito de Beja, sur de Portugal), 637 efectivos con 183 veh\u00edculos y 8 medios a\u00e9reos combaten un incendio que ha provocado heridas leves a un bombero y la asistencia de 9 agentes, de los cuales 7 eran bomberos.<\/p>\n\n\n\n<p>Asimismo, 101 personas residentes en la zona han sido evacuadas por la proximidad de las llamas.<\/p>\n\n\n\n<p>Todav\u00eda investigan las causas del origen de ambos incendios.<\/p>\n\n\n\n<p>Portugal registra actualmente 14 fuegos forestales, que han movilizado a 2.053 efectivos, 659 medios terrestres y 19 medios a\u00e9reos, en su mayor\u00eda en el centro de Portugal.<\/p>\n\n\n\n<p><\/p>\n","protected":false},"excerpt":{"rendered":"<p>M\u00e1s de 2.000 efectivos combaten 14 incendios forestales en Portugal, con especial atenci\u00f3n a dos fuegos en las regiones centro y sur del pa\u00eds que han provocado la evacuaci\u00f3n de cerca de un centenar de personas y dos heridos leves, seg\u00fan los cuerpos de seguridad. Fuentes de Protecci\u00f3n Civil lusa informaron a EFE de que [&hellip;]<\/p>\n","protected":false},"author":80,"featured_media":274653,"comment_status":"closed","ping_status":"closed","sticky":false,"template":"","format":"standard","meta":{"footnotes":""},"categories":[31],"tags":[],"class_list":["post-274652","post","type-post","status-publish","format-standard","has-post-thumbnail","hentry","category-orbe"],"_links":{"self":[{"href":"https:\/\/plazajuarez.mx\/historico\/wp-json\/wp\/v2\/posts\/274652","targetHints":{"allow":["GET"]}}],"collection":[{"href":"https:\/\/plazajuarez.mx\/historico\/wp-json\/wp\/v2\/posts"}],"about":[{"href":"https:\/\/plazajuarez.mx\/historico\/wp-json\/wp\/v2\/types\/post"}],"author":[{"embeddable":true,"href":"https:\/\/plazajuarez.mx\/historico\/wp-json\/wp\/v2\/users\/80"}],"replies":[{"embeddable":true,"href":"https:\/\/plazajuarez.mx\/historico\/wp-json\/wp\/v2\/comments?post=274652"}],"version-history":[{"count":0,"href":"https:\/\/plazajuarez.mx\/historico\/wp-json\/wp\/v2\/posts\/274652\/revisions"}],"wp:featuredmedia":[{"embeddable":true,"href":"https:\/\/plazajuarez.mx\/historico\/wp-json\/wp\/v2\/media\/274653"}],"wp:attachment":[{"href":"https:\/\/plazajuarez.mx\/historico\/wp-json\/wp\/v2\/media?parent=274652"}],"wp:term":[{"taxonomy":"category","embeddable":true,"href":"https:\/\/plazajuarez.mx\/historico\/wp-json\/wp\/v2\/categories?post=274652"},{"taxonomy":"post_tag","embeddable":true,"href":"https:\/\/plazajuarez.mx\/historico\/wp-json\/wp\/v2\/tags?post=274652"}],"curies":[{"name":"wp","href":"https:\/\/api.w.org\/{rel}","templated":true}]}}