{"id":274648,"date":"2023-08-07T13:18:59","date_gmt":"2023-08-07T19:18:59","guid":{"rendered":"https:\/\/plazajuarez.mx\/?p=274648"},"modified":"2023-08-07T13:19:01","modified_gmt":"2023-08-07T19:19:01","slug":"hospital-de-ee-uu-realiza-trasplante-de-pulmon-a-dos-pacientes-con-organos-invertidos","status":"publish","type":"post","link":"https:\/\/plazajuarez.mx\/historico\/hospital-de-ee-uu-realiza-trasplante-de-pulmon-a-dos-pacientes-con-organos-invertidos\/","title":{"rendered":"Hospital de EE.UU. realiza trasplante de pulm\u00f3n a dos pacientes con \u00f3rganos invertidos"},"content":{"rendered":"\n<p>La puertorrique\u00f1a Yahaira Vega, de 27 a\u00f1os, declar\u00f3 este lunes a EFE que est\u00e1 &#8220;agradecida por haber recuperado la risa y la vida&#8221;, tres meses despu\u00e9s de recibir un doble trasplante de pulm\u00f3n, considerado in\u00e9dito por su condici\u00f3n gen\u00e9tica de paciente con \u00f3rganos invertidos en el pecho y el abdomen.<\/p>\n\n\n\n<p>Su condici\u00f3n es conocida como &#8220;situs inversus&#8221; y afecta a una de cada 10.000 personas. Semanas despu\u00e9s, el afroamericano Dennis Deer, de 51 a\u00f1os, con la misma afecci\u00f3n, tambi\u00e9n recibi\u00f3 dos pulmones nuevos en el mismo Hospital Northwestern de Chicago.<\/p>\n\n\n\n<p>Las cirug\u00edas fueron realizadas en uno de los centros pioneros en trasplantes de pulm\u00f3n de Estados Unidos, donde hoy durante una rueda de prensa fueron presentados los pacientes e integrantes del equipo de cirug\u00eda tor\u00e1cica a cargo de la proeza m\u00e9dica.<\/p>\n\n\n\n<p>Vega, residente en la ciudad de Elgin (Illinois), fue la primera en recibir su trasplante el 28 de abril, y varias semanas despu\u00e9s, Deer -que vive en Chicago- recibi\u00f3 el suyo el 22 de mayo.<\/p>\n\n\n\n<p>Ambos se recuperaron de manera \u00f3ptima y volvieron a su vida cotidiana y hoy se conocieron durante la conferencia de prensa, seg\u00fan los m\u00e9dicos.<\/p>\n\n\n\n<p>&#8220;Por la primera vez siento que ahora puedo lograr algo, que he dejado de ser simplemente una chica que apenas se pod\u00eda levantar del sof\u00e1&#8221;, dijo Vega.<\/p>\n\n\n\n<p>&#8220;Antes de mi trasplante me sent\u00eda inadecuada y sin esperanza. En muchos sentidos, volv\u00ed a ser como un beb\u00e9, dorm\u00eda todo el tiempo y no pod\u00eda regular nada de lo que suced\u00eda en mi cuerpo&#8221;, relat\u00f3.<\/p>\n\n\n\n<p>Con mis nuevos pulmones, tengo mucha energ\u00eda y puedo re\u00edrme de nuevo. Estoy agradecida a mi donante, su familia y mi incre\u00edble equipo de trasplantes. Gracias a ellos, recuper\u00e9 mi vida&#8221;.<\/p>\n\n\n\n<p>\u00d3RGANOS INVERTIDOS<\/p>\n\n\n\n<p>&#8220;El situs inversus es una afecci\u00f3n rara que afecta a casi una de cada 10.000 personas y, a menudo, est\u00e1 relacionada con otros problemas, pero la mayor\u00eda de las personas pueden llevar una vida normal&#8221;, declar\u00f3 en la conferencia de prensa la neum\u00f3loga Catherine Myers del Northwestern.<\/p>\n\n\n\n<p>&#8220;A menudo, es posible que ni siquiera sepan que tienen la afecci\u00f3n hasta que buscan atenci\u00f3n m\u00e9dica por afecciones no relacionadas. Es a\u00fan m\u00e1s raro que estas personas desarrollen una enfermedad pulmonar hasta el punto de necesitar un trasplante&#8221;, agreg\u00f3.<\/p>\n\n\n\n<p>Ankit Bharat, jefe de cirug\u00eda tor\u00e1cica del hospital, opin\u00f3 que &#8220;es bastante raro realizar un trasplante de pulm\u00f3n doble en un paciente con situs inversus, y mucho menos dos pacientes en menos de un mes y en el mismo centro de salud&#8221;.<\/p>\n\n\n\n<p>El cirujano relat\u00f3 que al realizarse la cirug\u00eda se presenta &#8220;un dilema interesante&#8221;, porque el interior del cuerpo es esencialmente una imagen especular de lo que ser\u00eda normalmente.<\/p>\n\n\n\n<p>&#8220;El coraz\u00f3n generalmente est\u00e1 en el lado izquierdo, pero con situs inversus, est\u00e1 en el lado derecho. El pulm\u00f3n derecho est\u00e1 en el lado izquierdo y el pulm\u00f3n izquierdo est\u00e1 en el lado derecho&#8221;.<\/p>\n\n\n\n<p>&#8220;Cuando extraemos los pulmones viejos, tenemos que colocar pulmones nuevos de un donante con \u00f3rganos normales. Esto es m\u00e1s desafiante, porque los pulmones nuevos deben encajar en una cavidad tor\u00e1cica que es una imagen especular, as\u00ed que tuvimos que proponer algunas modificaciones t\u00e9cnicas para hacerlo&#8221;.<\/p>\n\n\n\n<p>Junto con el situs inversus, Vega naci\u00f3 con otro trastorno raro llamado discinesia ciliar primaria (PCD, por su sigla en ingl\u00e9s), que impide que las diminutas estructuras similares a pelos en las v\u00edas respiratorias eliminen g\u00e9rmenes y contaminantes, lo que provoca la acumulaci\u00f3n de un exceso de mucosidad.<\/p>\n\n\n\n<p>La joven dijo que comenz\u00f3 a enfermarse progresivamente hace varios a\u00f1os y fue incluida en la lista para un trasplante de doble pulm\u00f3n en abril. Nueve d\u00edas despu\u00e9s recibi\u00f3 sus nuevos \u00f3rganos.<\/p>\n\n\n\n<p>Deer desarroll\u00f3 una enfermedad pulmonar intersticial (inflamaci\u00f3n y cicatrizaci\u00f3n de los pulmones) debido a polimiositis (inflamaci\u00f3n y debilidad muscular). En diciembre de 2022 debi\u00f3 prestar juramento como comisionado del condado de Cook (donde se asienta Chicago) desde su habitaci\u00f3n del hospital mientras luchaba contra la dificultad para respirar.<\/p>\n\n\n\n<p>Fue colocado en la lista para nuevos pulmones el 31 de marzo, y tras pasar hospitalizado los meses siguientes con ox\u00edgeno de apoyo, el 22 de mayo recibi\u00f3 una llamada donde le comunicaban que le hab\u00edan conseguido un donante.<\/p>\n\n\n\n<p>&#8220;Poder respirar de nuevo fue incre\u00edble; nunca dar\u00e9 la vida por sentada&#8221;, dijo Deer. &#8220;No puedo dejar de pensar en otras personas que no tienen esta oportunidad, y quiero pasar el pr\u00f3ximo cap\u00edtulo de mi vida centr\u00e1ndome en la conciencia sobre trasplantes y la donaci\u00f3n de \u00f3rganos&#8221;, agreg\u00f3.<\/p>\n\n\n\n<p>Bharat dijo estar encantado de que su equipo haya podido ayudar a Dennis y Yahaira. Somos conocidos por aceptar algunos de los casos de trasplante de pulm\u00f3n m\u00e1s dif\u00edciles&#8221;, afirm\u00f3.<\/p>\n","protected":false},"excerpt":{"rendered":"<p>La puertorrique\u00f1a Yahaira Vega, de 27 a\u00f1os, declar\u00f3 este lunes a EFE que est\u00e1 &#8220;agradecida por haber recuperado la risa y la vida&#8221;, tres meses despu\u00e9s de recibir un doble trasplante de pulm\u00f3n, considerado in\u00e9dito por su condici\u00f3n gen\u00e9tica de paciente con \u00f3rganos invertidos en el pecho y el abdomen. Su condici\u00f3n es conocida como [&hellip;]<\/p>\n","protected":false},"author":80,"featured_media":274649,"comment_status":"closed","ping_status":"closed","sticky":false,"template":"","format":"standard","meta":{"footnotes":""},"categories":[31],"tags":[],"class_list":["post-274648","post","type-post","status-publish","format-standard","has-post-thumbnail","hentry","category-orbe"],"_links":{"self":[{"href":"https:\/\/plazajuarez.mx\/historico\/wp-json\/wp\/v2\/posts\/274648","targetHints":{"allow":["GET"]}}],"collection":[{"href":"https:\/\/plazajuarez.mx\/historico\/wp-json\/wp\/v2\/posts"}],"about":[{"href":"https:\/\/plazajuarez.mx\/historico\/wp-json\/wp\/v2\/types\/post"}],"author":[{"embeddable":true,"href":"https:\/\/plazajuarez.mx\/historico\/wp-json\/wp\/v2\/users\/80"}],"replies":[{"embeddable":true,"href":"https:\/\/plazajuarez.mx\/historico\/wp-json\/wp\/v2\/comments?post=274648"}],"version-history":[{"count":0,"href":"https:\/\/plazajuarez.mx\/historico\/wp-json\/wp\/v2\/posts\/274648\/revisions"}],"wp:featuredmedia":[{"embeddable":true,"href":"https:\/\/plazajuarez.mx\/historico\/wp-json\/wp\/v2\/media\/274649"}],"wp:attachment":[{"href":"https:\/\/plazajuarez.mx\/historico\/wp-json\/wp\/v2\/media?parent=274648"}],"wp:term":[{"taxonomy":"category","embeddable":true,"href":"https:\/\/plazajuarez.mx\/historico\/wp-json\/wp\/v2\/categories?post=274648"},{"taxonomy":"post_tag","embeddable":true,"href":"https:\/\/plazajuarez.mx\/historico\/wp-json\/wp\/v2\/tags?post=274648"}],"curies":[{"name":"wp","href":"https:\/\/api.w.org\/{rel}","templated":true}]}}