{"id":274644,"date":"2023-08-07T13:04:51","date_gmt":"2023-08-07T19:04:51","guid":{"rendered":"https:\/\/plazajuarez.mx\/?p=274644"},"modified":"2023-08-07T13:04:53","modified_gmt":"2023-08-07T19:04:53","slug":"ricardo-ferretti-es-despedido-del-cruz-azul","status":"publish","type":"post","link":"https:\/\/plazajuarez.mx\/historico\/ricardo-ferretti-es-despedido-del-cruz-azul\/","title":{"rendered":"Ricardo Ferretti es despedido del Cruz Azul"},"content":{"rendered":"\n<p>Ricardo Ferretti ya no es m\u00e1s el entrenador del Cruz Azul.<\/p>\n\n\n\n<p>La M\u00e1quina revel\u00f3 este lunes que el &#8220;Tuca&#8221; no seguir\u00e1 al frente del cuadro cementero, tras los malos resultados que se han tenido en lo que va del semestre.<\/p>\n\n\n\n<p>&#8220;De acuerdo con los resultados obtenidos en semanas recientes, se ha tomado la decisi\u00f3n de finalizar nuestro v\u00ednculo laboral con el entrenador Ricardo Ferretti&#8221;, dice el comunicado que lanz\u00f3 la instituci\u00f3n de La Noria.<\/p>\n\n\n\n<p>En la Liga MX el club marcha en el \u00faltimo puesto, sin puntos, mientras que en la Leagues Cup cayeron en dieciseisavos de final ante Charlotte FC en penaltis.<\/p>\n\n\n\n<p>En el mismo mensaje se revel\u00f3 que Joaqu\u00edn Moreno queda al frente del cuerpo t\u00e9cnico.<\/p>\n","protected":false},"excerpt":{"rendered":"<p>Ricardo Ferretti ya no es m\u00e1s el entrenador del Cruz Azul. La M\u00e1quina revel\u00f3 este lunes que el &#8220;Tuca&#8221; no seguir\u00e1 al frente del cuadro cementero, tras los malos resultados que se han tenido en lo que va del semestre. &#8220;De acuerdo con los resultados obtenidos en semanas recientes, se ha tomado la decisi\u00f3n de [&hellip;]<\/p>\n","protected":false},"author":81,"featured_media":274645,"comment_status":"closed","ping_status":"closed","sticky":false,"template":"","format":"standard","meta":{"footnotes":""},"categories":[39],"tags":[],"class_list":["post-274644","post","type-post","status-publish","format-standard","has-post-thumbnail","hentry","category-deportiva"],"_links":{"self":[{"href":"https:\/\/plazajuarez.mx\/historico\/wp-json\/wp\/v2\/posts\/274644","targetHints":{"allow":["GET"]}}],"collection":[{"href":"https:\/\/plazajuarez.mx\/historico\/wp-json\/wp\/v2\/posts"}],"about":[{"href":"https:\/\/plazajuarez.mx\/historico\/wp-json\/wp\/v2\/types\/post"}],"author":[{"embeddable":true,"href":"https:\/\/plazajuarez.mx\/historico\/wp-json\/wp\/v2\/users\/81"}],"replies":[{"embeddable":true,"href":"https:\/\/plazajuarez.mx\/historico\/wp-json\/wp\/v2\/comments?post=274644"}],"version-history":[{"count":0,"href":"https:\/\/plazajuarez.mx\/historico\/wp-json\/wp\/v2\/posts\/274644\/revisions"}],"wp:featuredmedia":[{"embeddable":true,"href":"https:\/\/plazajuarez.mx\/historico\/wp-json\/wp\/v2\/media\/274645"}],"wp:attachment":[{"href":"https:\/\/plazajuarez.mx\/historico\/wp-json\/wp\/v2\/media?parent=274644"}],"wp:term":[{"taxonomy":"category","embeddable":true,"href":"https:\/\/plazajuarez.mx\/historico\/wp-json\/wp\/v2\/categories?post=274644"},{"taxonomy":"post_tag","embeddable":true,"href":"https:\/\/plazajuarez.mx\/historico\/wp-json\/wp\/v2\/tags?post=274644"}],"curies":[{"name":"wp","href":"https:\/\/api.w.org\/{rel}","templated":true}]}}