{"id":274604,"date":"2023-08-07T10:06:21","date_gmt":"2023-08-07T16:06:21","guid":{"rendered":"https:\/\/plazajuarez.mx\/?p=274604"},"modified":"2023-08-07T10:06:23","modified_gmt":"2023-08-07T16:06:23","slug":"se-investiga-dice-amlo-tras-ataque-a-sobrina-de-salgado-macedonio","status":"publish","type":"post","link":"https:\/\/plazajuarez.mx\/historico\/se-investiga-dice-amlo-tras-ataque-a-sobrina-de-salgado-macedonio\/","title":{"rendered":"Se investiga, dice AMLO tras ataque a sobrina de Salgado Macedonio"},"content":{"rendered":"\n<p>Tras el ataque que sufri\u00f3 Zulma Carvajal Salgado, sobrina del senador F\u00e9lix Salgado Macedonio y prima de la gobernadora guerrerense Evelyn Salgado, y en el que muri\u00f3 su esposo Humberto del Valle, el presidente Andr\u00e9s Manuel L\u00f3pez Obrador lament\u00f3 el asesinato.<\/p>\n\n\n\n<p>En su conferencia ma\u00f1anera de este lunes 7 de agosto en Palacio Nacional, L\u00f3pez Obrador inform\u00f3 que se investiga el caso para saber qui\u00e9nes son los autores materiales, intelectuales y el m\u00f3vil.<\/p>\n\n\n\n<p>&#8220;No tengo m\u00e1s informaci\u00f3n. Corresponde al Ministerio P\u00fablico, que ya est\u00e1 haciendo su trabajo y a la Fiscal\u00eda de Guerrero, y vamos a estar pendientes para eso&#8221;, expres\u00f3.<\/p>\n","protected":false},"excerpt":{"rendered":"<p>Tras el ataque que sufri\u00f3 Zulma Carvajal Salgado, sobrina del senador F\u00e9lix Salgado Macedonio y prima de la gobernadora guerrerense Evelyn Salgado, y en el que muri\u00f3 su esposo Humberto del Valle, el presidente Andr\u00e9s Manuel L\u00f3pez Obrador lament\u00f3 el asesinato. En su conferencia ma\u00f1anera de este lunes 7 de agosto en Palacio Nacional, L\u00f3pez [&hellip;]<\/p>\n","protected":false},"author":81,"featured_media":274605,"comment_status":"closed","ping_status":"closed","sticky":false,"template":"","format":"standard","meta":{"footnotes":""},"categories":[15,36,2160],"tags":[],"class_list":["post-274604","post","type-post","status-publish","format-standard","has-post-thumbnail","hentry","category-destacadas","category-nacion","category-noticias-de-la-ciudad-de-mexico"],"_links":{"self":[{"href":"https:\/\/plazajuarez.mx\/historico\/wp-json\/wp\/v2\/posts\/274604","targetHints":{"allow":["GET"]}}],"collection":[{"href":"https:\/\/plazajuarez.mx\/historico\/wp-json\/wp\/v2\/posts"}],"about":[{"href":"https:\/\/plazajuarez.mx\/historico\/wp-json\/wp\/v2\/types\/post"}],"author":[{"embeddable":true,"href":"https:\/\/plazajuarez.mx\/historico\/wp-json\/wp\/v2\/users\/81"}],"replies":[{"embeddable":true,"href":"https:\/\/plazajuarez.mx\/historico\/wp-json\/wp\/v2\/comments?post=274604"}],"version-history":[{"count":0,"href":"https:\/\/plazajuarez.mx\/historico\/wp-json\/wp\/v2\/posts\/274604\/revisions"}],"wp:featuredmedia":[{"embeddable":true,"href":"https:\/\/plazajuarez.mx\/historico\/wp-json\/wp\/v2\/media\/274605"}],"wp:attachment":[{"href":"https:\/\/plazajuarez.mx\/historico\/wp-json\/wp\/v2\/media?parent=274604"}],"wp:term":[{"taxonomy":"category","embeddable":true,"href":"https:\/\/plazajuarez.mx\/historico\/wp-json\/wp\/v2\/categories?post=274604"},{"taxonomy":"post_tag","embeddable":true,"href":"https:\/\/plazajuarez.mx\/historico\/wp-json\/wp\/v2\/tags?post=274604"}],"curies":[{"name":"wp","href":"https:\/\/api.w.org\/{rel}","templated":true}]}}