{"id":274520,"date":"2023-08-07T06:25:18","date_gmt":"2023-08-07T12:25:18","guid":{"rendered":"https:\/\/plazajuarez.mx\/?p=274520"},"modified":"2023-08-07T06:25:20","modified_gmt":"2023-08-07T12:25:20","slug":"abren-convocatoria-para-elegir-a-la-reina-de-las-fiestas-patrias","status":"publish","type":"post","link":"https:\/\/plazajuarez.mx\/historico\/abren-convocatoria-para-elegir-a-la-reina-de-las-fiestas-patrias\/","title":{"rendered":"Abren convocatoria para elegir a la \u201cReina de las Fiestas Patrias\u201d\u00a0"},"content":{"rendered":"\n<p class=\"wp-block-paragraph\"><strong>TEPEAPULCO<\/strong>.- Abren convocatoria para el registro de candidatas a \u201cReina de las Fiestas Patrias Tepeapulco 2023\u201d, con lo que dar\u00e1 inicio a las festividades relativas a los festejos de los 213 a\u00f1os del inicio de la Independencia de M\u00e9xico.<\/p>\n\n\n\n<p class=\"wp-block-paragraph\">Los encargados de este evento, se\u00f1alaron que despu\u00e9s de varios a\u00f1os, se busca retomar uno de los or\u00edgenes de este concurso, de que se elija a la mujer originaria del municipio, como se hab\u00eda realizado en a\u00f1os anteriores.<\/p>\n\n\n\n<p class=\"wp-block-paragraph\">Precisaron que pueden participar j\u00f3venes entre 15 a 25 a\u00f1os de edad y solteras, que radiquen en el municipio de Tepeapulco, adem\u00e1s de tener una actitud altruista y de servicio.<\/p>\n\n\n\n<p class=\"wp-block-paragraph\">La ganadora ser\u00e1 la que presente mejores puntuaciones en los aspectos de expresi\u00f3n corporal, dicci\u00f3n, pasarela, coreograf\u00eda, precisi\u00f3n del tema del altruismo y por supuesto la belleza.<\/p>\n\n\n\n<p class=\"wp-block-paragraph\">El concurso se llevar\u00e1 a cabo el pr\u00f3ximo 8 de septiembre, en el sal\u00f3n Eventia, de ciudad Sahag\u00fan, a partir de las 19 horas.<\/p>\n\n\n\n<p class=\"wp-block-paragraph\">Indicaron que los premios a repartir ser\u00e1n de 10 mil pesos, primer lugar; cinco mil, al segundo y tres mil, al tercero; adem\u00e1s de que los patrocinadores del evento, les har\u00e1n la entrega de un obsequio.<\/p>\n","protected":false},"excerpt":{"rendered":"<p>TEPEAPULCO.- Abren convocatoria para el registro de candidatas a \u201cReina de las Fiestas Patrias Tepeapulco 2023\u201d, con lo que dar\u00e1 inicio a las festividades relativas a los festejos de los 213 a\u00f1os del inicio de la Independencia de M\u00e9xico. Los encargados de este evento, se\u00f1alaron que despu\u00e9s de varios a\u00f1os, se busca retomar uno de [&hellip;]<\/p>\n","protected":false},"author":69,"featured_media":274524,"comment_status":"closed","ping_status":"closed","sticky":false,"template":"","format":"standard","meta":{"footnotes":""},"categories":[2159,40],"tags":[],"class_list":["post-274520","post","type-post","status-publish","format-standard","has-post-thumbnail","hentry","category-noticias-de-hidalgo","category-region"],"_links":{"self":[{"href":"https:\/\/plazajuarez.mx\/historico\/wp-json\/wp\/v2\/posts\/274520","targetHints":{"allow":["GET"]}}],"collection":[{"href":"https:\/\/plazajuarez.mx\/historico\/wp-json\/wp\/v2\/posts"}],"about":[{"href":"https:\/\/plazajuarez.mx\/historico\/wp-json\/wp\/v2\/types\/post"}],"author":[{"embeddable":true,"href":"https:\/\/plazajuarez.mx\/historico\/wp-json\/wp\/v2\/users\/69"}],"replies":[{"embeddable":true,"href":"https:\/\/plazajuarez.mx\/historico\/wp-json\/wp\/v2\/comments?post=274520"}],"version-history":[{"count":0,"href":"https:\/\/plazajuarez.mx\/historico\/wp-json\/wp\/v2\/posts\/274520\/revisions"}],"wp:featuredmedia":[{"embeddable":true,"href":"https:\/\/plazajuarez.mx\/historico\/wp-json\/wp\/v2\/media\/274524"}],"wp:attachment":[{"href":"https:\/\/plazajuarez.mx\/historico\/wp-json\/wp\/v2\/media?parent=274520"}],"wp:term":[{"taxonomy":"category","embeddable":true,"href":"https:\/\/plazajuarez.mx\/historico\/wp-json\/wp\/v2\/categories?post=274520"},{"taxonomy":"post_tag","embeddable":true,"href":"https:\/\/plazajuarez.mx\/historico\/wp-json\/wp\/v2\/tags?post=274520"}],"curies":[{"name":"wp","href":"https:\/\/api.w.org\/{rel}","templated":true}]}}