{"id":27446,"date":"2016-08-28T15:00:08","date_gmt":"2016-08-28T15:00:08","guid":{"rendered":"http:\/\/plazajuarez.mx\/index\/index.php\/2016\/08\/28\/culpable-3\/"},"modified":"2020-04-14T19:58:56","modified_gmt":"2020-04-14T19:58:56","slug":"culpable-3","status":"publish","type":"post","link":"https:\/\/plazajuarez.mx\/historico\/culpable-3\/","title":{"rendered":"&#8220;Culpable&#8221;"},"content":{"rendered":"<p>RELATOS DE VIDA<\/p>\n<p>  <!--more-->  <\/p>\n<p>Hab\u00eda llegado el d\u00eda tan ansiado, Laura cumpl\u00eda los 35 a\u00f1os, su vida siempre hab\u00eda sido de lucha y de sacrificio pero no por eso dejaba de ser alegre, ten\u00eda el amor de su familia y sus hijos; aunque como en muchas familias, nunca falta el &#8220;frijol en el arroz&#8221;, el &#8220;amor de su vida&#8221; Ra\u00fal, quien ten\u00eda doble personalidad pues mostraba temporadas de comprensi\u00f3n, cari\u00f1o y respeto, pero otras muy fuertes de odio y de poder por las cuales buscaba humillar a Laura.<\/p>\n<p>Tal vez no era del todo culpable, como es tradici\u00f3n en la cultura mexicana, el machismo era una ideolog\u00eda que le fue inculcada desde el seno familiar, y aunque no ten\u00eda los argumentos para ejercerla, cre\u00eda que no pod\u00eda fallarles a sus padres.<\/p>\n<p>Laura estaba muy emocionada, se levant\u00f3 y agradeci\u00f3 por un a\u00f1o m\u00e1s de vida, por la salud, por su familia por todas las oportunidades de trabajo y crecimiento profesional; planch\u00f3 la ropa, se meti\u00f3 a ba\u00f1ar, dedic\u00f3 un breve espacio a su arreglo personal, y dio paso a la preparaci\u00f3n del desayuno.<\/p>\n<p>Sus hijos, Guadalupe y Roberto, se hab\u00eda ido una noche anterior con los pap\u00e1s de Laura; Sara y Pablo, as\u00ed que sent\u00eda un poco de relajaci\u00f3n, tiempo que consideraba aprovechar para consentirse con un corte de cabello y la aplicaci\u00f3n de un tinte, y despu\u00e9s comprarse una bolsa que tanto le hac\u00eda falta.<\/p>\n<p>En eso Ra\u00fal irrumpi\u00f3 en la cocina, perfectamente ba\u00f1ado y arreglado exigi\u00f3 el desayuno, apenas como un mero comentario la felicit\u00f3 por su cumplea\u00f1os, y prodigio con el desayuno sin esbozar palabra alguna. Despu\u00e9s de 15 minutos en silencio, Laura se levant\u00f3 de la mesa y comenz\u00f3 a levantar los platos, pero al momento tomar una taza, perdi\u00f3 el equilibrio derramando el restante del caf\u00e9 la camisa de Ra\u00fal, quien lanz\u00f3 un grito de &#8220;\u00bferes est\u00fapida?&#8221;. La cumplea\u00f1era quiso disculparse haci\u00e9ndole entender que fue un accidente pero no tuvo suerte, pues el enojado hombre sigui\u00f3 enunciando palabras altisonantes. Mientras Ra\u00fal continuaba con el rosario de vulgaridades y palabras humillantes Laura solo repet\u00eda en su interior &#8220;Ya no m\u00e1s&#8221;.<\/p>\n<p>Sin moverse y solo palpando sobre la mesa encontr\u00f3 un cuchillo el cual empu\u00f1\u00f3 fuertemente y despu\u00e9s de armarse de valor se lanz\u00f3 contra Ra\u00fal para clavarlo en cualquier parte del cuerpo, para despu\u00e9s salir corriendo de su casa.<\/p>\n<p>Apresurada se dirigi\u00f3 a casa de sus padres, al abrirle la puerta entr\u00f3 solo para abrazar a sus hijos, les dijo que los amaba y les confes\u00f3 su culpabilidad, despu\u00e9s de horas de llanto y pensar lo que pasar\u00eda, cay\u00f3 en un profundo sue\u00f1o; cuando despert\u00f3 su padre, Don Pablo estaba sentado al filo de la cama, le dijo que Ra\u00fal estaba vivo, que solo fue una peque\u00f1a cortada a la altura de las costillas, hab\u00eda platicado con \u00e9l y no levantar\u00eda cargos, pero quer\u00eda el divorcio. Laura suspir\u00f3 a pesar de lo tr\u00e1gico del mejor regalo de cumplea\u00f1os.<\/p>\n","protected":false},"excerpt":{"rendered":"<p>RELATOS DE VIDA<\/p>\n","protected":false},"author":73,"featured_media":0,"comment_status":"open","ping_status":"open","sticky":false,"template":"","format":"standard","meta":{"footnotes":""},"categories":[42,85],"tags":[],"class_list":["post-27446","post","type-post","status-publish","format-standard","hentry","category-nuestrapalabra","category-relatos"],"_links":{"self":[{"href":"https:\/\/plazajuarez.mx\/historico\/wp-json\/wp\/v2\/posts\/27446","targetHints":{"allow":["GET"]}}],"collection":[{"href":"https:\/\/plazajuarez.mx\/historico\/wp-json\/wp\/v2\/posts"}],"about":[{"href":"https:\/\/plazajuarez.mx\/historico\/wp-json\/wp\/v2\/types\/post"}],"author":[{"embeddable":true,"href":"https:\/\/plazajuarez.mx\/historico\/wp-json\/wp\/v2\/users\/73"}],"replies":[{"embeddable":true,"href":"https:\/\/plazajuarez.mx\/historico\/wp-json\/wp\/v2\/comments?post=27446"}],"version-history":[{"count":0,"href":"https:\/\/plazajuarez.mx\/historico\/wp-json\/wp\/v2\/posts\/27446\/revisions"}],"wp:attachment":[{"href":"https:\/\/plazajuarez.mx\/historico\/wp-json\/wp\/v2\/media?parent=27446"}],"wp:term":[{"taxonomy":"category","embeddable":true,"href":"https:\/\/plazajuarez.mx\/historico\/wp-json\/wp\/v2\/categories?post=27446"},{"taxonomy":"post_tag","embeddable":true,"href":"https:\/\/plazajuarez.mx\/historico\/wp-json\/wp\/v2\/tags?post=27446"}],"curies":[{"name":"wp","href":"https:\/\/api.w.org\/{rel}","templated":true}]}}