{"id":27442,"date":"2016-08-28T15:00:23","date_gmt":"2016-08-28T15:00:23","guid":{"rendered":"http:\/\/plazajuarez.mx\/index\/index.php\/2016\/08\/28\/de-la-mora-celebra-lo-bueno-de-mexico\/"},"modified":"2016-08-28T15:00:23","modified_gmt":"2016-08-28T15:00:23","slug":"de-la-mora-celebra-lo-bueno-de-mexico","status":"publish","type":"post","link":"https:\/\/plazajuarez.mx\/historico\/de-la-mora-celebra-lo-bueno-de-mexico\/","title":{"rendered":"DE LA MORA CELEBRA LO BUENO DE M\u00c9XICO"},"content":{"rendered":"<p>REALIZAR\u00c1 HOMENAJE A CHAVA FLORES Y BENNY MOR\u00c9 <br \/>\u25cf\u00a0\u00a0\u00a0 Por s\u00e9ptima ocasi\u00f3n encabezar\u00e1 la celebraci\u00f3n de la Independencia de M\u00e9xico en el escenario del Auditorio Nacional el pr\u00f3ximo 15 de septiembre, con el espect\u00e1culo Nuestra Fiesta Mexicana con Fernando de la Mora<\/p>\n<p>  <!--more-->  <\/p>\n<p>Para el tenor Fernando de la Mora es necesario celebrar lo bueno del pa\u00eds, sobre todo en un momento donde siguen saliendo noticias malas sobre \u00e9l y con un ambiente pol\u00edtico \u00e1lgido, \u201cporque el M\u00e9xico que hay que celebrar es el de excelencia, para poder mostrar hacia d\u00f3nde voltear los ojos\u201d.<br \/>Por eso, por s\u00e9ptima ocasi\u00f3n encabezar\u00e1 la celebraci\u00f3n de la Independencia de M\u00e9xico en el escenario del Auditorio Nacional el pr\u00f3ximo 15 de septiembre, con el espect\u00e1culo Nuestra Fiesta Mexicana con Fernando de la Mora.<br \/>\u201cEs un concierto con muchas canciones nuevas, al menos en mi repertorio, en mi voz, todas ellas son canciones buenas que hemos buscado con mucho gusto y amor por nuestra m\u00fasica\u201d.<br \/>Adem\u00e1s realizar\u00e1 un homenaje a dos importantes artistas, Chava Flores y Benny Mor\u00e9. \u201cChava Flores, es un compositor muy querido en mi juventud, tuve el privilegio de conocerlo y verlo cantar, de un gran humor y entrega, del colorido de nuestro pa\u00eds, y Benny Mor\u00e9 es un cubano maravilloso que le cant\u00f3 mucho a M\u00e9xico\u201d, dijo el tenor.<\/p>\n","protected":false},"excerpt":{"rendered":"<p>REALIZAR\u00c1 HOMENAJE A CHAVA FLORES Y BENNY MOR\u00c9 \u25cf\u00a0\u00a0\u00a0 Por s\u00e9ptima ocasi\u00f3n encabezar\u00e1 la celebraci\u00f3n de la Independencia de M\u00e9xico en el escenario del Auditorio Nacional el pr\u00f3ximo 15 de septiembre, con el espect\u00e1culo Nuestra Fiesta Mexicana con Fernando de la Mora<\/p>\n","protected":false},"author":93,"featured_media":0,"comment_status":"open","ping_status":"open","sticky":false,"template":"","format":"standard","meta":{"footnotes":""},"categories":[41],"tags":[],"class_list":["post-27442","post","type-post","status-publish","format-standard","hentry","category-arteria-cultural"],"_links":{"self":[{"href":"https:\/\/plazajuarez.mx\/historico\/wp-json\/wp\/v2\/posts\/27442","targetHints":{"allow":["GET"]}}],"collection":[{"href":"https:\/\/plazajuarez.mx\/historico\/wp-json\/wp\/v2\/posts"}],"about":[{"href":"https:\/\/plazajuarez.mx\/historico\/wp-json\/wp\/v2\/types\/post"}],"author":[{"embeddable":true,"href":"https:\/\/plazajuarez.mx\/historico\/wp-json\/wp\/v2\/users\/93"}],"replies":[{"embeddable":true,"href":"https:\/\/plazajuarez.mx\/historico\/wp-json\/wp\/v2\/comments?post=27442"}],"version-history":[{"count":0,"href":"https:\/\/plazajuarez.mx\/historico\/wp-json\/wp\/v2\/posts\/27442\/revisions"}],"wp:attachment":[{"href":"https:\/\/plazajuarez.mx\/historico\/wp-json\/wp\/v2\/media?parent=27442"}],"wp:term":[{"taxonomy":"category","embeddable":true,"href":"https:\/\/plazajuarez.mx\/historico\/wp-json\/wp\/v2\/categories?post=27442"},{"taxonomy":"post_tag","embeddable":true,"href":"https:\/\/plazajuarez.mx\/historico\/wp-json\/wp\/v2\/tags?post=27442"}],"curies":[{"name":"wp","href":"https:\/\/api.w.org\/{rel}","templated":true}]}}