{"id":27441,"date":"2016-08-28T14:58:33","date_gmt":"2016-08-28T14:58:33","guid":{"rendered":"http:\/\/plazajuarez.mx\/index\/index.php\/2016\/08\/28\/recien-operada-la-vero-cosecha-aplausos\/"},"modified":"2016-08-28T14:58:33","modified_gmt":"2016-08-28T14:58:33","slug":"recien-operada-la-vero-cosecha-aplausos","status":"publish","type":"post","link":"https:\/\/plazajuarez.mx\/historico\/recien-operada-la-vero-cosecha-aplausos\/","title":{"rendered":"Reci\u00e9n operada, la Vero cosecha aplausos"},"content":{"rendered":"<p>POR UNA LESI\u00d3N EN EL HOMBRO\u00a0 <br \/>\u25cf\u00a0\u00a0\u00a0 Con una gran ovaci\u00f3n de pie fue como Ver\u00f3nica t\u00e9rmino la funci\u00f3n del montaje Aplauso, mismo que protagoniza desde hace unos meses<\/p>\n<p>  <!--more-->  <\/p>\n<p>Tras ser intervenida quir\u00fargicamente por una lesi\u00f3n en el hombro, Ver\u00f3nica Castro regres\u00f3 este viernes al teatro tan solo a un d\u00eda de ser dada de alta.<br \/>Con una gran ovaci\u00f3n de pie fue como Ver\u00f3nica t\u00e9rmino la funci\u00f3n del montaje Aplauso, mismo que protagoniza desde hace unos meses. <br \/>Al finalizar la obra, la actriz dio unas palabras en las que agradeci\u00f3 el apoyo que ha recibido de parte de su p\u00fablico durante la temporada del montaje y particularmente en estos d\u00edas. <br \/>\u201cGracias por estar aqu\u00ed, es una noche especial, me siento feliz de sentir el apoyo y amor de ustedes, gracias, por todo\u201d, dijo Castro visiblemente emocionada por los aplausos que, con generosidad, le prodig\u00f3 el p\u00fablico que asisti\u00f3 a la funci\u00f3n del viernes. <br \/>A nombre del resto del elenco, la actriz se\u00f1al\u00f3 la importancia de que, a pesar de las dificultades, el teatro siempre tenga butacas ocupadas. <br \/>\u201cGracias por permitirme estar una vez m\u00e1s con ustedes, todos estamos muy emocionados. Muchas gracias, de verdad, por su presencia, todav\u00eda no lo podemos creer\u201d<br \/>Durante la obra, basada en la pel\u00edcula Todo sobre Eva, que en 1950 protagoniz\u00f3 Bette Davis Castro no mostr\u00f3 secuelas de su reciente operaci\u00f3n y en su intervenci\u00f3n en el escenario luci\u00f3 \u00e1gil y energ\u00e9tica, aun cuando la obra le exige mostrar en escena aproximadamente 10 cambios de vestuario.<br \/>Esto lo agradeci\u00f3 su p\u00fablico quienes en todo momento llenaron el recinto de aplausos, porras y gritos de \u201cte amamos Vero\u201d y \u201ceres una Reyna\u201d.<br \/>\u201cGRACIAS POR ESTAR AQU\u00cd, ES UNA NOCHE ESPECIAL, ME SIENTO FELIZ DE SENTIR EL APOYO Y AMOR DE USTEDES, GRACIAS, POR TODO\u201d, DIJO CASTRO VISIBLEMENTE EMOCIONADA POR LOS APLAUSOS QUE, CON GENEROSIDAD, LE PRODIG\u00d3 EL P\u00daBLICO QUE ASISTI\u00d3 A LA FUNCI\u00d3N DEL VIERNES<\/p>\n","protected":false},"excerpt":{"rendered":"<p>POR UNA LESI\u00d3N EN EL HOMBRO\u00a0 \u25cf\u00a0\u00a0\u00a0 Con una gran ovaci\u00f3n de pie fue como Ver\u00f3nica t\u00e9rmino la funci\u00f3n del montaje Aplauso, mismo que protagoniza desde hace unos meses<\/p>\n","protected":false},"author":93,"featured_media":0,"comment_status":"open","ping_status":"open","sticky":false,"template":"","format":"standard","meta":{"footnotes":""},"categories":[38],"tags":[],"class_list":["post-27441","post","type-post","status-publish","format-standard","hentry","category-show"],"_links":{"self":[{"href":"https:\/\/plazajuarez.mx\/historico\/wp-json\/wp\/v2\/posts\/27441","targetHints":{"allow":["GET"]}}],"collection":[{"href":"https:\/\/plazajuarez.mx\/historico\/wp-json\/wp\/v2\/posts"}],"about":[{"href":"https:\/\/plazajuarez.mx\/historico\/wp-json\/wp\/v2\/types\/post"}],"author":[{"embeddable":true,"href":"https:\/\/plazajuarez.mx\/historico\/wp-json\/wp\/v2\/users\/93"}],"replies":[{"embeddable":true,"href":"https:\/\/plazajuarez.mx\/historico\/wp-json\/wp\/v2\/comments?post=27441"}],"version-history":[{"count":0,"href":"https:\/\/plazajuarez.mx\/historico\/wp-json\/wp\/v2\/posts\/27441\/revisions"}],"wp:attachment":[{"href":"https:\/\/plazajuarez.mx\/historico\/wp-json\/wp\/v2\/media?parent=27441"}],"wp:term":[{"taxonomy":"category","embeddable":true,"href":"https:\/\/plazajuarez.mx\/historico\/wp-json\/wp\/v2\/categories?post=27441"},{"taxonomy":"post_tag","embeddable":true,"href":"https:\/\/plazajuarez.mx\/historico\/wp-json\/wp\/v2\/tags?post=27441"}],"curies":[{"name":"wp","href":"https:\/\/api.w.org\/{rel}","templated":true}]}}