{"id":27438,"date":"2016-08-28T14:57:51","date_gmt":"2016-08-28T14:57:51","guid":{"rendered":"http:\/\/plazajuarez.mx\/index\/index.php\/2016\/08\/28\/las-analfabetas-regresan-para-hacer-reir-llorar-y-reflexionar\/"},"modified":"2016-08-28T14:57:51","modified_gmt":"2016-08-28T14:57:51","slug":"las-analfabetas-regresan-para-hacer-reir-llorar-y-reflexionar","status":"publish","type":"post","link":"https:\/\/plazajuarez.mx\/historico\/las-analfabetas-regresan-para-hacer-reir-llorar-y-reflexionar\/","title":{"rendered":"LAS ANALFABETAS REGRESAN PARA HACER RE\u00cdR, LLORAR Y REFLEXIONAR"},"content":{"rendered":"<p>El poder hacer re\u00edr y llorar a su p\u00fablico al mismo tiempo es algo que mueve a Gabriela de la Garza. La actriz reconoce que su trabajo sirve para entretener, pero hay en \u00e9l una parte que invita a la reflexi\u00f3n sobre la actualidad de M\u00e9xico y sus problemas.<\/p>\n<p>  <!--more-->  <\/p>\n<p>Las noticias diarias hablan de marchas, plantones y enfrentamientos pero \u00bfhasta qu\u00e9 punto se sabe el trasfondo?, se pregunta. Junto a Dolores Heredia busca una respuesta con el reestreno de la obra Las Analfabetas, que tuvo una temporada exitosa en La Teatrer\u00eda y que regresa al foro La Gruta, en el Centro Cultural Hel\u00e9nico, a partir del 20 de septiembre.<br \/>\u201cHabla mucho de la situaci\u00f3n que estamos viviendo hoy en d\u00eda con nuestros maestros\u201d, dice Gabriela conmovida, pues ella se ha puesto en los zapatos de una maestra desempleada que es contratada por otra mujer para que le lea los peri\u00f3dicos diariamente. \u201cLa maestra prefiere ense\u00f1arle a leer y escribir y as\u00ed se intercambian los roles de maestra a alumna todo el tiempo\u201d, abund\u00f3 de la Garza.<br \/>Las lecciones son diversas, desde la interpretaci\u00f3n del t\u00edtulo mismo de la puesta en escena.<br \/>\u201cSe ve que el analfabetismo no es solamente las personas que no saben leer y escribir sino que puede ser muchas otras cosas.<\/p>\n","protected":false},"excerpt":{"rendered":"<p>El poder hacer re\u00edr y llorar a su p\u00fablico al mismo tiempo es algo que mueve a Gabriela de la Garza. La actriz reconoce que su trabajo sirve para entretener, pero hay en \u00e9l una parte que invita a la reflexi\u00f3n sobre la actualidad de M\u00e9xico y sus problemas.<\/p>\n","protected":false},"author":93,"featured_media":0,"comment_status":"open","ping_status":"open","sticky":false,"template":"","format":"standard","meta":{"footnotes":""},"categories":[38],"tags":[],"class_list":["post-27438","post","type-post","status-publish","format-standard","hentry","category-show"],"_links":{"self":[{"href":"https:\/\/plazajuarez.mx\/historico\/wp-json\/wp\/v2\/posts\/27438","targetHints":{"allow":["GET"]}}],"collection":[{"href":"https:\/\/plazajuarez.mx\/historico\/wp-json\/wp\/v2\/posts"}],"about":[{"href":"https:\/\/plazajuarez.mx\/historico\/wp-json\/wp\/v2\/types\/post"}],"author":[{"embeddable":true,"href":"https:\/\/plazajuarez.mx\/historico\/wp-json\/wp\/v2\/users\/93"}],"replies":[{"embeddable":true,"href":"https:\/\/plazajuarez.mx\/historico\/wp-json\/wp\/v2\/comments?post=27438"}],"version-history":[{"count":0,"href":"https:\/\/plazajuarez.mx\/historico\/wp-json\/wp\/v2\/posts\/27438\/revisions"}],"wp:attachment":[{"href":"https:\/\/plazajuarez.mx\/historico\/wp-json\/wp\/v2\/media?parent=27438"}],"wp:term":[{"taxonomy":"category","embeddable":true,"href":"https:\/\/plazajuarez.mx\/historico\/wp-json\/wp\/v2\/categories?post=27438"},{"taxonomy":"post_tag","embeddable":true,"href":"https:\/\/plazajuarez.mx\/historico\/wp-json\/wp\/v2\/tags?post=27438"}],"curies":[{"name":"wp","href":"https:\/\/api.w.org\/{rel}","templated":true}]}}