{"id":274354,"date":"2023-08-05T06:06:33","date_gmt":"2023-08-05T12:06:33","guid":{"rendered":"https:\/\/plazajuarez.mx\/?p=274354"},"modified":"2023-08-05T06:06:35","modified_gmt":"2023-08-05T12:06:35","slug":"reprueban-diputados-la-violencia-en-zacualtipan","status":"publish","type":"post","link":"https:\/\/plazajuarez.mx\/historico\/reprueban-diputados-la-violencia-en-zacualtipan\/","title":{"rendered":"Reprueban diputados la\u00a0violencia en Zacualtip\u00e1n"},"content":{"rendered":"\n<p>Luego de los actos violentos ocurridos en Zacualtip\u00e1n, los integrantes de la 65 Legislatura emitieron a trav\u00e9s de Marcia Torres Gonz\u00e1lez, diputada local independiente en la&nbsp; Diputaci\u00f3n Permanente, un posicionamiento en el que reprobaron el actuar de la poblaci\u00f3n y aseguraron que este tipo de acciones atenta contra el Estado de Derecho y la paz social.&nbsp;<\/p>\n\n\n\n<p>Al respecto, la diputada ley\u00f3 un acuerdo econ\u00f3mico en el que pidi\u00f3 exhortar al Poder Ejecutivo de Hidalgo, a fin de \u201cfortalecer el Estado de Derecho en Zacualtip\u00e1n\u201d y garantizar los derechos de todas las v\u00edctimas: \u201cPedimos que se investiguen los hechos y se aplique la ley a quienes cometieron actos ilegales en contra de la integridad f\u00edsica, personal y patrimonial del alcalde y su familia\u201d, dijo.<\/p>\n\n\n\n<p>Por otra parte, destac\u00f3 que no se debe dejar de lado el hacer justicia tambi\u00e9n en los casos en los que se compruebe alg\u00fan tipo de abuso de autoridad y reconoci\u00f3 que en lo ocurrido qued\u00f3 al descubierto que hay fallas en el actuar de la polic\u00eda municipal, pero tambi\u00e9n el intento de aplicar justicia por mano propia.<\/p>\n","protected":false},"excerpt":{"rendered":"<p>Luego de los actos violentos ocurridos en Zacualtip\u00e1n, los integrantes de la 65 Legislatura emitieron a trav\u00e9s de Marcia Torres Gonz\u00e1lez, diputada local independiente en la&nbsp; Diputaci\u00f3n Permanente, un posicionamiento en el que reprobaron el actuar de la poblaci\u00f3n y aseguraron que este tipo de acciones atenta contra el Estado de Derecho y la paz [&hellip;]<\/p>\n","protected":false},"author":72,"featured_media":274356,"comment_status":"closed","ping_status":"closed","sticky":false,"template":"","format":"standard","meta":{"footnotes":""},"categories":[15,59],"tags":[],"class_list":["post-274354","post","type-post","status-publish","format-standard","has-post-thumbnail","hentry","category-destacadas","category-general"],"_links":{"self":[{"href":"https:\/\/plazajuarez.mx\/historico\/wp-json\/wp\/v2\/posts\/274354","targetHints":{"allow":["GET"]}}],"collection":[{"href":"https:\/\/plazajuarez.mx\/historico\/wp-json\/wp\/v2\/posts"}],"about":[{"href":"https:\/\/plazajuarez.mx\/historico\/wp-json\/wp\/v2\/types\/post"}],"author":[{"embeddable":true,"href":"https:\/\/plazajuarez.mx\/historico\/wp-json\/wp\/v2\/users\/72"}],"replies":[{"embeddable":true,"href":"https:\/\/plazajuarez.mx\/historico\/wp-json\/wp\/v2\/comments?post=274354"}],"version-history":[{"count":0,"href":"https:\/\/plazajuarez.mx\/historico\/wp-json\/wp\/v2\/posts\/274354\/revisions"}],"wp:featuredmedia":[{"embeddable":true,"href":"https:\/\/plazajuarez.mx\/historico\/wp-json\/wp\/v2\/media\/274356"}],"wp:attachment":[{"href":"https:\/\/plazajuarez.mx\/historico\/wp-json\/wp\/v2\/media?parent=274354"}],"wp:term":[{"taxonomy":"category","embeddable":true,"href":"https:\/\/plazajuarez.mx\/historico\/wp-json\/wp\/v2\/categories?post=274354"},{"taxonomy":"post_tag","embeddable":true,"href":"https:\/\/plazajuarez.mx\/historico\/wp-json\/wp\/v2\/tags?post=274354"}],"curies":[{"name":"wp","href":"https:\/\/api.w.org\/{rel}","templated":true}]}}