{"id":274352,"date":"2023-08-05T06:04:30","date_gmt":"2023-08-05T12:04:30","guid":{"rendered":"https:\/\/plazajuarez.mx\/?p=274352"},"modified":"2023-08-05T06:04:32","modified_gmt":"2023-08-05T12:04:32","slug":"sera-algun-dia","status":"publish","type":"post","link":"https:\/\/plazajuarez.mx\/historico\/sera-algun-dia\/","title":{"rendered":"Ser\u00e1 alg\u00fan d\u00eda"},"content":{"rendered":"\n<h2 class=\"wp-block-heading\">RELATOS DE VIDA<\/h2>\n\n\n\n<p>Creo que ya lo est\u00e1 empezando a olvidar, los recuerdos est\u00e1n disminuyendo durante el d\u00eda, la carga de trabajo se ha convertido en su aliado para concentrar sus pensamientos en situaciones que realmente le dejan un beneficio y bienestar.<\/p>\n\n\n\n<p>Me parece que ya est\u00e1 retomando su vida, aquella en la que se sent\u00eda plena, en paz y en completa tranquilidad, aquella en la que era feliz y lo sab\u00eda, pero prefer\u00eda que \u00e9l lo fuera a\u00fan m\u00e1s, porque con tenerlo, para ella era suficiente.<\/p>\n\n\n\n<p>S\u00ed, creo que ya lo est\u00e1 olvidando, ya son menos d\u00edas en los que al despertar corre al celular para verificar si existe un mensaje de &#8220;buenos d\u00edas&#8221;, uno que le d\u00e9 un aviso que a\u00fan sigue vigente en sus pensamientos.<\/p>\n\n\n\n<p>Creo que por fin est\u00e1 a punto de dar el carpetazo final, porque cada vez se ve m\u00e1s linda, m\u00e1s sonriente, m\u00e1s libre, m\u00e1s so\u00f1adora, m\u00e1s feliz, simplemente m\u00e1s ella, m\u00e1s suya.<\/p>\n\n\n\n<p>Se nota claramente que ya est\u00e1 en la recta final hacia el olvido, porque pese a los recuerdos que regresan, las canciones que suenan, y las se\u00f1ales que aparecen, solamente respira y decide ser fuerte y pintar su cara de color y magia.<\/p>\n\n\n\n<p>Definitivamente lo est\u00e1 logrando, y aunque hoy, un d\u00eda lluvioso y gris, tuvo una reca\u00edda, el olvido completo de quien decidi\u00f3 irse, ser\u00e1 alg\u00fan d\u00eda muy pr\u00f3ximo.<\/p>\n","protected":false},"excerpt":{"rendered":"<p>RELATOS DE VIDA Creo que ya lo est\u00e1 empezando a olvidar, los recuerdos est\u00e1n disminuyendo durante el d\u00eda, la carga de trabajo se ha convertido en su aliado para concentrar sus pensamientos en situaciones que realmente le dejan un beneficio y bienestar. Me parece que ya est\u00e1 retomando su vida, aquella en la que se [&hellip;]<\/p>\n","protected":false},"author":73,"featured_media":274357,"comment_status":"closed","ping_status":"closed","sticky":false,"template":"","format":"standard","meta":{"footnotes":""},"categories":[85],"tags":[],"class_list":["post-274352","post","type-post","status-publish","format-standard","has-post-thumbnail","hentry","category-relatos"],"_links":{"self":[{"href":"https:\/\/plazajuarez.mx\/historico\/wp-json\/wp\/v2\/posts\/274352","targetHints":{"allow":["GET"]}}],"collection":[{"href":"https:\/\/plazajuarez.mx\/historico\/wp-json\/wp\/v2\/posts"}],"about":[{"href":"https:\/\/plazajuarez.mx\/historico\/wp-json\/wp\/v2\/types\/post"}],"author":[{"embeddable":true,"href":"https:\/\/plazajuarez.mx\/historico\/wp-json\/wp\/v2\/users\/73"}],"replies":[{"embeddable":true,"href":"https:\/\/plazajuarez.mx\/historico\/wp-json\/wp\/v2\/comments?post=274352"}],"version-history":[{"count":0,"href":"https:\/\/plazajuarez.mx\/historico\/wp-json\/wp\/v2\/posts\/274352\/revisions"}],"wp:featuredmedia":[{"embeddable":true,"href":"https:\/\/plazajuarez.mx\/historico\/wp-json\/wp\/v2\/media\/274357"}],"wp:attachment":[{"href":"https:\/\/plazajuarez.mx\/historico\/wp-json\/wp\/v2\/media?parent=274352"}],"wp:term":[{"taxonomy":"category","embeddable":true,"href":"https:\/\/plazajuarez.mx\/historico\/wp-json\/wp\/v2\/categories?post=274352"},{"taxonomy":"post_tag","embeddable":true,"href":"https:\/\/plazajuarez.mx\/historico\/wp-json\/wp\/v2\/tags?post=274352"}],"curies":[{"name":"wp","href":"https:\/\/api.w.org\/{rel}","templated":true}]}}