{"id":274347,"date":"2023-08-04T14:56:09","date_gmt":"2023-08-04T20:56:09","guid":{"rendered":"https:\/\/plazajuarez.mx\/?p=274347"},"modified":"2023-08-04T14:56:11","modified_gmt":"2023-08-04T20:56:11","slug":"entrega-congreso-de-hidalgo-presea-pedro-maria-anaya","status":"publish","type":"post","link":"https:\/\/plazajuarez.mx\/historico\/entrega-congreso-de-hidalgo-presea-pedro-maria-anaya\/","title":{"rendered":"Entrega Congreso de Hidalgo presea Pedro Mar\u00eda Anaya"},"content":{"rendered":"\n<p>En sesi\u00f3n solemne, la LXV Legislatura del Congreso del Estado de Hidalgo entreg\u00f3 la presea Pedro Mar\u00eda Anaya en su edici\u00f3n 2022 a la historiadora y&nbsp; acad\u00e9mica, Roc\u00edo Ruiz de la Barrera y en su edici\u00f3n 2023 al compositor Jaime Flores Monterrubio.&nbsp;<\/p>\n\n\n\n<p>Como testigos del acto estuvieron presentes el gobernador, Julio Menchaca Salazar y la presidenta del Tribunal Superior de Justicia y del Consejo de la Judicatura, Rebeca Aladro Echeverr\u00eda.&nbsp;<\/p>\n\n\n\n<p>El presidente de la Junta de Gobierno, Julio Valera Piedras, se\u00f1al\u00f3 que la entrega de la presea Pedro Mar\u00eda Anaya es un reconocimiento al valor y a la constancia que ha caracterizado a las y los hidalguenses en la historia de la entidad. Es un reconocimiento a quienes con su obra y aportaciones benefician a Hidalgo.&nbsp;<\/p>\n\n\n\n<p>Reconoci\u00f3 el trabajo de las y los integrantes de la comisi\u00f3n especial para el otorgamiento de la presa Pedro Mar\u00eda Anaya, quienes realizaron un trabajo detallado y profesional de selecci\u00f3n.&nbsp;<\/p>\n\n\n\n<p>Valera Piedras celebr\u00f3 que la medalla sea recibida por dos talentosos hidalguenses: Roc\u00edo Ruiz de la Barrera y el compositor, Jaime Flores Monterrubio, pues sus trayectorias dan cuenta del talento, constancia y sobre todo de la voluntad para seguir adelante.&nbsp;<\/p>\n\n\n\n<p>Los galardonados dan muestra que el binomio talento con trabajo son condiciones necesarias y suficientes para impulsar el desarrollo personal y social del estado.&nbsp;<\/p>\n\n\n\n<p>Por su parte, el gobernador de Hidalgo, Julio Menchaca Salazar, reconoci\u00f3 a los galardonados pues son ejemplo de lo que aspiran las y los hidalguenses: mejores condiciones de vida, en un anhelo y esperanza de un estado con desarrollo.&nbsp;<\/p>\n\n\n\n<p>En su mensaje, el mandatario estatal resalt\u00f3 la solidaridad del Congreso de Hidalgo con el gobierno que representa pues las decisiones tomadas en el pleno forman parte del presente y futuro de la entidad, esto significa la existencia de una misma sinton\u00eda con el respeto a las diferentes ideolog\u00edas de las fuerzas pol\u00edticas.<\/p>\n\n\n\n<p>\u201cEse trabajo lo reconozco y aprecio, ofrezco que sigamos en esa misma ruta porque no hay mezquindad, hay compromiso serio y profundo\u201d, se\u00f1al\u00f3.&nbsp;<\/p>\n\n\n\n<p>Despu\u00e9s de recibir la medalla y pergamino por parte de las autoridades, Roc\u00edo Ruiz de la Barrera, agradeci\u00f3 el reconocimiento, al tiempo afirm\u00f3 que asisti\u00f3 a la ceremonia como orgullosa ciudadana hidalguense, comprometida con Hidalgo de manera permanente desde los diferentes espacios donde ha estado.&nbsp;<\/p>\n\n\n\n<p>Roc\u00edo Ruiz de la Barrera, originaria de Pachuca de Soto, Hidalgo, naci\u00f3 el 27 de noviembre de 1959. Ha tenido una formaci\u00f3n acad\u00e9mica en el \u00e1mbito de las ciencias sociales, autora y coautora de varios libros, ex funcionaria p\u00fablica en diferentes administraciones estatales.&nbsp;<\/p>\n\n\n\n<p>Por su parte, Jaime Flores Monterrubio, quien naci\u00f3 el 21 de agosto de 1968 en Huejutla, se comprometi\u00f3 ante diputadas y diputados a honrar la presea hasta el \u00faltimo d\u00eda de su vida y la recibi\u00f3 en nombre de todos los compositores hidalguenses.&nbsp;<\/p>\n\n\n\n<p>Adem\u00e1s dijo que apoyar\u00e1 los sue\u00f1os de j\u00f3venes compositores que hacen nueva m\u00fasica que representan a la cultura de la entidad.&nbsp;<\/p>\n\n\n\n<p>Flores Monterrubio a la edad de 7 a\u00f1os comenz\u00f3 a cantar en un grupo integrado por familiares y amigos, y a los 8 compuso su primera canci\u00f3n Mi Mar\u00eda. A\u00fan no dejaba atr\u00e1s la infancia cuando grab\u00f3 su primer disco como solista y as\u00ed inici\u00f3 su vida en el medio y empez\u00f3 a actuar en palenques y teatros del pueblo, alternando con artistas como Yuri, Estela N\u00fa\u00f1ez, Chayito Valdez, Pedro Fern\u00e1ndez y Denisse de Kalafe, quien lo amadrin\u00f3 en un palenque de su tierra natal.&nbsp;<\/p>\n\n\n\n<p>En 2021 su canci\u00f3n Desde la ra\u00edz, fue tema oficial del Bicentenario de la Consumaci\u00f3n de la Independencia de M\u00e9xico, interpretada por \u00e9l mismo, en el magno evento en el z\u00f3calo de la Ciudad de M\u00e9xico.&nbsp;<\/p>\n\n\n\n<p>En la sesi\u00f3n solemne estuvieron presentes los presidentes municipales de Pachuca y Huejutla, Sergio Ba\u00f1os y Daniel Andrade Zurutuza, respectivamente, la titular de la Secretar\u00eda de Cultura estatal, Tania Meza Escorza, entre otras personalidades.<\/p>\n\n\n\n<figure class=\"wp-block-embed is-type-video is-provider-youtube wp-block-embed-youtube wp-embed-aspect-16-9 wp-has-aspect-ratio\"><div class=\"wp-block-embed__wrapper\">\n<iframe loading=\"lazy\" title=\"Jaime Flores - Desde la ra\u00edz (ac\u00fastico)\" width=\"696\" height=\"392\" src=\"https:\/\/www.youtube.com\/embed\/HAigRiq7ZwA?feature=oembed\" frameborder=\"0\" allow=\"accelerometer; autoplay; clipboard-write; encrypted-media; gyroscope; picture-in-picture; web-share\" referrerpolicy=\"strict-origin-when-cross-origin\" allowfullscreen><\/iframe>\n<\/div><\/figure>\n","protected":false},"excerpt":{"rendered":"<p>En sesi\u00f3n solemne, la LXV Legislatura del Congreso del Estado de Hidalgo entreg\u00f3 la presea Pedro Mar\u00eda Anaya en su edici\u00f3n 2022 a la historiadora y&nbsp; acad\u00e9mica, Roc\u00edo Ruiz de la Barrera y en su edici\u00f3n 2023 al compositor Jaime Flores Monterrubio.&nbsp; Como testigos del acto estuvieron presentes el gobernador, Julio Menchaca Salazar y la [&hellip;]<\/p>\n","protected":false},"author":93,"featured_media":274348,"comment_status":"closed","ping_status":"closed","sticky":false,"template":"","format":"standard","meta":{"footnotes":""},"categories":[15,59],"tags":[],"class_list":["post-274347","post","type-post","status-publish","format-standard","has-post-thumbnail","hentry","category-destacadas","category-general"],"_links":{"self":[{"href":"https:\/\/plazajuarez.mx\/historico\/wp-json\/wp\/v2\/posts\/274347","targetHints":{"allow":["GET"]}}],"collection":[{"href":"https:\/\/plazajuarez.mx\/historico\/wp-json\/wp\/v2\/posts"}],"about":[{"href":"https:\/\/plazajuarez.mx\/historico\/wp-json\/wp\/v2\/types\/post"}],"author":[{"embeddable":true,"href":"https:\/\/plazajuarez.mx\/historico\/wp-json\/wp\/v2\/users\/93"}],"replies":[{"embeddable":true,"href":"https:\/\/plazajuarez.mx\/historico\/wp-json\/wp\/v2\/comments?post=274347"}],"version-history":[{"count":0,"href":"https:\/\/plazajuarez.mx\/historico\/wp-json\/wp\/v2\/posts\/274347\/revisions"}],"wp:featuredmedia":[{"embeddable":true,"href":"https:\/\/plazajuarez.mx\/historico\/wp-json\/wp\/v2\/media\/274348"}],"wp:attachment":[{"href":"https:\/\/plazajuarez.mx\/historico\/wp-json\/wp\/v2\/media?parent=274347"}],"wp:term":[{"taxonomy":"category","embeddable":true,"href":"https:\/\/plazajuarez.mx\/historico\/wp-json\/wp\/v2\/categories?post=274347"},{"taxonomy":"post_tag","embeddable":true,"href":"https:\/\/plazajuarez.mx\/historico\/wp-json\/wp\/v2\/tags?post=274347"}],"curies":[{"name":"wp","href":"https:\/\/api.w.org\/{rel}","templated":true}]}}