{"id":274341,"date":"2023-08-04T13:30:58","date_gmt":"2023-08-04T19:30:58","guid":{"rendered":"https:\/\/plazajuarez.mx\/?p=274341"},"modified":"2023-08-04T13:31:00","modified_gmt":"2023-08-04T19:31:00","slug":"el-museo-de-arte-moderno-de-mexico-honra-el-centenario-de-joy-laville-con-obras-ineditas","status":"publish","type":"post","link":"https:\/\/plazajuarez.mx\/historico\/el-museo-de-arte-moderno-de-mexico-honra-el-centenario-de-joy-laville-con-obras-ineditas\/","title":{"rendered":"El Museo de Arte Moderno de M\u00e9xico honra el centenario de Joy Laville con obras in\u00e9ditas"},"content":{"rendered":"\n<p>Con un total de 89 obras, 37 de ellas in\u00e9ditas, autoridades de cultura de M\u00e9xico inauguraron este jueves la exposici\u00f3n \u201cJoy Laville. El silencio y la eternidad\u201d en el Museo de Arte Moderno (MAM) para conmemorar el centenario de nacimiento de la artista brit\u00e1nica nacionalizada mexicana.<\/p>\n\n\n\n<p>\u201cDesde el MAM consideramos fundamental visibilizar e insertar el trabajo de las mujeres artistas dentro del relato de la historia del arte mexicano, nombrarlas, incluir su obra en nuestra colecci\u00f3n\u201d, se\u00f1al\u00f3 durante el evento inaugural Natalia Pollak, directora general del MAM.<\/p>\n\n\n\n<p>La directiva describi\u00f3 a Laville como \u201cuna mujer c\u00e1lida y generosa, cuyo excepcional trabajo merece ser reconocido y apreciado\u201d.<\/p>\n\n\n\n<p>La exposici\u00f3n re\u00fane 87 piezas de la creadora brit\u00e1nica: 54 pinturas, 10 esculturas, 6 dibujos y 17 portadas de libros, obras que abarcan 54 a\u00f1os de trabajo: desde los a\u00f1os 60 hasta su muerte en 2018.<\/p>\n\n\n\n<p>Trevor Rowe, hijo de la artista, se\u00f1al\u00f3 en la inauguraci\u00f3n la importancia de M\u00e9xico en la vida de Laville.<\/p>\n\n\n\n<p>\u201cFue aqu\u00ed en M\u00e9xico donde encontr\u00f3 a su futuro marido (el escritor mexicano) Jorge Ibarg\u00fcengoitia. Y encontr\u00f3 su vida emocional y profesional. Fue aqu\u00ed donde obtuvo su introducci\u00f3n al mundo cultural de la Ciudad de M\u00e9xico\u201d, indic\u00f3.<\/p>\n\n\n\n<p>Record\u00f3 algunos pasajes sobre la vida de su madre que \u201cno fueron f\u00e1ciles\u201d, entre ellos, los d\u00edas que acud\u00eda a calles de la Ciudad de M\u00e9xico para exponer y vender sus obras.<\/p>\n\n\n\n<p>\u201cPintaba cada ma\u00f1ana y cada tarde, pero no fue por devoci\u00f3n, sino por necesidad\u201d, apunt\u00f3 Rowe.<\/p>\n\n\n\n<p>Emocionado, agradeci\u00f3 la exposici\u00f3n de las obras de Laville, pues son muestra del legado de la pintora y lament\u00f3 que este tipo de homenajes no se pudieron hacer en vida.<\/p>\n\n\n\n<p>\u201cSin embargo, esta exposici\u00f3n es muestra de que Joy sigue viva\u201d, dijo.<\/p>\n\n\n\n<p>Lucila Jim\u00e9nez, directora general del Instituto Nacional de Bellas Artes (INBA), reconoci\u00f3 que para M\u00e9xico Laville \u201csignifica una figura notable rotunda\u201d.<\/p>\n\n\n\n<p>Destac\u00f3 como un \u201cprivilegio\u201d abrir con esta exposici\u00f3n las conmemoraciones del centenario del natalicio de la pintora brit\u00e1nica pues, dijo, en otros recintos culturales tambi\u00e9n habr\u00e1 algunos actos culturales al respecto.<\/p>\n\n\n\n<p>Finalmente, Marina N\u00fa\u00f1ez, subdirectora de la Secretar\u00eda de Cultura de M\u00e9xico, expres\u00f3 que este pa\u00eds es uno de los que m\u00e1s le agradece a Laville por su arte.<\/p>\n\n\n\n<p>\u201cEsta es una de las exposiciones donde el cari\u00f1o hacia el artista se nota mucho\u201d, enfatiz\u00f3.<\/p>\n","protected":false},"excerpt":{"rendered":"<p>Con un total de 89 obras, 37 de ellas in\u00e9ditas, autoridades de cultura de M\u00e9xico inauguraron este jueves la exposici\u00f3n \u201cJoy Laville. El silencio y la eternidad\u201d en el Museo de Arte Moderno (MAM) para conmemorar el centenario de nacimiento de la artista brit\u00e1nica nacionalizada mexicana. \u201cDesde el MAM consideramos fundamental visibilizar e insertar el [&hellip;]<\/p>\n","protected":false},"author":80,"featured_media":274342,"comment_status":"closed","ping_status":"closed","sticky":false,"template":"","format":"standard","meta":{"footnotes":""},"categories":[41],"tags":[],"class_list":["post-274341","post","type-post","status-publish","format-standard","has-post-thumbnail","hentry","category-arteria-cultural"],"_links":{"self":[{"href":"https:\/\/plazajuarez.mx\/historico\/wp-json\/wp\/v2\/posts\/274341","targetHints":{"allow":["GET"]}}],"collection":[{"href":"https:\/\/plazajuarez.mx\/historico\/wp-json\/wp\/v2\/posts"}],"about":[{"href":"https:\/\/plazajuarez.mx\/historico\/wp-json\/wp\/v2\/types\/post"}],"author":[{"embeddable":true,"href":"https:\/\/plazajuarez.mx\/historico\/wp-json\/wp\/v2\/users\/80"}],"replies":[{"embeddable":true,"href":"https:\/\/plazajuarez.mx\/historico\/wp-json\/wp\/v2\/comments?post=274341"}],"version-history":[{"count":0,"href":"https:\/\/plazajuarez.mx\/historico\/wp-json\/wp\/v2\/posts\/274341\/revisions"}],"wp:featuredmedia":[{"embeddable":true,"href":"https:\/\/plazajuarez.mx\/historico\/wp-json\/wp\/v2\/media\/274342"}],"wp:attachment":[{"href":"https:\/\/plazajuarez.mx\/historico\/wp-json\/wp\/v2\/media?parent=274341"}],"wp:term":[{"taxonomy":"category","embeddable":true,"href":"https:\/\/plazajuarez.mx\/historico\/wp-json\/wp\/v2\/categories?post=274341"},{"taxonomy":"post_tag","embeddable":true,"href":"https:\/\/plazajuarez.mx\/historico\/wp-json\/wp\/v2\/tags?post=274341"}],"curies":[{"name":"wp","href":"https:\/\/api.w.org\/{rel}","templated":true}]}}