{"id":274337,"date":"2023-08-04T13:28:59","date_gmt":"2023-08-04T19:28:59","guid":{"rendered":"https:\/\/plazajuarez.mx\/?p=274337"},"modified":"2023-08-04T13:29:00","modified_gmt":"2023-08-04T19:29:00","slug":"greta-thunberg-se-retira-del-festival-del-libro-de-edimburgo-por-su-patrocinador","status":"publish","type":"post","link":"https:\/\/plazajuarez.mx\/historico\/greta-thunberg-se-retira-del-festival-del-libro-de-edimburgo-por-su-patrocinador\/","title":{"rendered":"Greta Thunberg se retira del Festival del Libro de Edimburgo por su patrocinador"},"content":{"rendered":"\n<p>La l\u00edder ecologista Greta Thunberg ha anulado su asistencia al Festival Internacional del Libro de Edimburgo (Escocia) por la &#8220;ecoimpostura&#8221; de su patrocinador, la firma escocesa de gesti\u00f3n de fondos Baillie Gifford, ha anunciado este viernes la organizaci\u00f3n.<\/p>\n\n\n\n<p>&#8220;Como activista del clima, no puedo asistir a un evento que recibe el patrocinio de Baillie Gifford, que invierte mucho en el sector de los combustibles f\u00f3siles&#8221;, ha afirmado la joven sueca, que estaba invitada a un evento el 13 de agosto.<\/p>\n\n\n\n<p>&#8220;Los esfuerzos de lavado de imagen verde por parte de la industria de los combustibles f\u00f3siles, incluido el patrocinio de eventos culturales, le permite mantener la licencia social para continuar operando. No puedo y no quiero estar asociada con eventos que acepten este tipo de patrocinio&#8221;, explica en un comunicado difundido por el festival literario.<\/p>\n\n\n\n<p>Nick Barley, director de la cita, que se incluye en el Festival Internacional de Edimburgo de m\u00fasica y artes esc\u00e9nicas, ha dicho por su parte que &#8220;respeta&#8221; la decisi\u00f3n de la activista de 20 a\u00f1os, aunque se sienta &#8220;decepcionado&#8221;.<\/p>\n\n\n\n<p>Barley defiende no obstante la oportunidad que, con su patrocinio desde hace 19 a\u00f1os, Baillie Gifford les ofrece para &#8220;brindar una plataforma de debate y discusi\u00f3n sobre temas clave que afectan a la humanidad, incluida la crisis clim\u00e1tica&#8221;.<\/p>\n\n\n\n<p>&#8220;Como organizaci\u00f3n sin \u00e1nimo de lucro, no estar\u00edamos en posici\u00f3n de hacerlo sin el apoyo a largo plazo de organizaciones como Baillie Gifford&#8221;, dice en la nota, donde promete reembolsar a los afectados.<\/p>\n\n\n\n<p>El director del Festival del Libro mantiene que la empresa es &#8220;parte de la soluci\u00f3n&#8221; al ser pionera en la inversi\u00f3n en compa\u00f1\u00edas &#8220;clim\u00e1ticamente positivas, proporcionando fondos para ayudarlas a crecer&#8221;.<\/p>\n\n\n\n<p>En el mismo comunicado, la gestora de fondos asegura que no es &#8220;un inversor importante en combustibles f\u00f3siles&#8221;, pues solo &#8220;el 2 % del dinero&#8221; de sus clientes est\u00e1 &#8220;en empresas con alg\u00fan negocio vinculado&#8221; al sector.<\/p>\n","protected":false},"excerpt":{"rendered":"<p>La l\u00edder ecologista Greta Thunberg ha anulado su asistencia al Festival Internacional del Libro de Edimburgo (Escocia) por la &#8220;ecoimpostura&#8221; de su patrocinador, la firma escocesa de gesti\u00f3n de fondos Baillie Gifford, ha anunciado este viernes la organizaci\u00f3n. &#8220;Como activista del clima, no puedo asistir a un evento que recibe el patrocinio de Baillie Gifford, [&hellip;]<\/p>\n","protected":false},"author":80,"featured_media":274338,"comment_status":"closed","ping_status":"closed","sticky":false,"template":"","format":"standard","meta":{"footnotes":""},"categories":[41],"tags":[],"class_list":["post-274337","post","type-post","status-publish","format-standard","has-post-thumbnail","hentry","category-arteria-cultural"],"_links":{"self":[{"href":"https:\/\/plazajuarez.mx\/historico\/wp-json\/wp\/v2\/posts\/274337","targetHints":{"allow":["GET"]}}],"collection":[{"href":"https:\/\/plazajuarez.mx\/historico\/wp-json\/wp\/v2\/posts"}],"about":[{"href":"https:\/\/plazajuarez.mx\/historico\/wp-json\/wp\/v2\/types\/post"}],"author":[{"embeddable":true,"href":"https:\/\/plazajuarez.mx\/historico\/wp-json\/wp\/v2\/users\/80"}],"replies":[{"embeddable":true,"href":"https:\/\/plazajuarez.mx\/historico\/wp-json\/wp\/v2\/comments?post=274337"}],"version-history":[{"count":0,"href":"https:\/\/plazajuarez.mx\/historico\/wp-json\/wp\/v2\/posts\/274337\/revisions"}],"wp:featuredmedia":[{"embeddable":true,"href":"https:\/\/plazajuarez.mx\/historico\/wp-json\/wp\/v2\/media\/274338"}],"wp:attachment":[{"href":"https:\/\/plazajuarez.mx\/historico\/wp-json\/wp\/v2\/media?parent=274337"}],"wp:term":[{"taxonomy":"category","embeddable":true,"href":"https:\/\/plazajuarez.mx\/historico\/wp-json\/wp\/v2\/categories?post=274337"},{"taxonomy":"post_tag","embeddable":true,"href":"https:\/\/plazajuarez.mx\/historico\/wp-json\/wp\/v2\/tags?post=274337"}],"curies":[{"name":"wp","href":"https:\/\/api.w.org\/{rel}","templated":true}]}}