{"id":274330,"date":"2023-08-04T13:23:17","date_gmt":"2023-08-04T19:23:17","guid":{"rendered":"https:\/\/plazajuarez.mx\/?p=274330"},"modified":"2023-08-04T13:23:19","modified_gmt":"2023-08-04T19:23:19","slug":"greta-gerwig-celebra-40-anos-en-medio-de-la-fama-por-barbie","status":"publish","type":"post","link":"https:\/\/plazajuarez.mx\/historico\/greta-gerwig-celebra-40-anos-en-medio-de-la-fama-por-barbie\/","title":{"rendered":"Greta Gerwig celebra 40 a\u00f1os en medio de la fama por &#8220;Barbie&#8221;"},"content":{"rendered":"\n<p>Si se &#8220;googlea&#8221; su nombre, el navegador de internet y toda la informaci\u00f3n que arroja cambiar\u00e1n a color rosa en medio de destellos, lo cual enmarcan el \u00e9xito que ha representado en los \u00faltimos a\u00f1os Greta Gerwig para la industria cinematogr\u00e1fica y m\u00e1s recientemente con &#8220;Barbie&#8221;.<\/p>\n\n\n\n<p>Como directora, su cine est\u00e1 pensado desde y para las mujeres con historias cl\u00e1sicas y cercanas como &#8220;Litle Women&#8221; (2019) o con historias contempor\u00e1neas como &#8220;Lady Bird&#8221; (2017), y qu\u00e9 decir de su m\u00e1s reciente \u00e9xito, &#8220;Barbie&#8221; (2023) que no s\u00f3lo llen\u00f3 las expectativas de muchos, sino que podr\u00eda convertirse en una de las cintas m\u00e1s taquilleras de la historia y ser\u00e1 la primera dirigida por una mujer en llegar a este registro.<\/p>\n\n\n\n<p>Nacida en Sacramento, California, el 4 de agosto de 1983, Greta ama el cine en todos los \u00e1mbitos: actuando, escribiendo guiones, produciendo y, por supuesto, dirigiendo. Junto a su pareja, el tambi\u00e9n director Noah Baumbach han colaborado en diversos proyectos, pero sin duda su trabajo en solitario la ha puesto en el ojo p\u00fablico que espera pacientemente el pr\u00f3ximo proyecto que dirigir\u00e1 la californiana.<\/p>\n\n\n\n<p>Para sus pel\u00edculas sabe elegir muy bien el reparto. Con &#8220;Lady Bird&#8221; opt\u00f3 por Saorise Ronan, Timoth\u00e9e Chalamet y Laurie Mercalf; para &#8220;Litle Women&#8221; repiti\u00f3 a Saoirse y Timoth\u00e9e, adem\u00e1s de Florence Pugh, Emma Watson, Eliza Scanlen y Meryl Streep. En el caso de &#8220;Barbie&#8221;, fueron Margot Robbie, Ryan Gosling y Will Ferrell quienes se encargaron de soportar el peso de la historia.<\/p>\n\n\n\n<p>En cualquiera de los casos los resultados han sido sorprendentes, no s\u00f3lo logrando nominaciones al Oscar, sino tambi\u00e9n marcando un estilo que la coloque como una de las directoras m\u00e1s importantes de la actualidad.<\/p>\n\n\n\n<p>Con 40 a\u00f1os, cumplidos este viernes 4 de agosto, Greta Gerwig tendr\u00e1 uno de sus mejores a\u00f1os en un mundo donde las mujeres se colocan como protagonistas.<\/p>\n","protected":false},"excerpt":{"rendered":"<p>Si se &#8220;googlea&#8221; su nombre, el navegador de internet y toda la informaci\u00f3n que arroja cambiar\u00e1n a color rosa en medio de destellos, lo cual enmarcan el \u00e9xito que ha representado en los \u00faltimos a\u00f1os Greta Gerwig para la industria cinematogr\u00e1fica y m\u00e1s recientemente con &#8220;Barbie&#8221;. Como directora, su cine est\u00e1 pensado desde y para [&hellip;]<\/p>\n","protected":false},"author":111,"featured_media":274331,"comment_status":"closed","ping_status":"closed","sticky":false,"template":"","format":"standard","meta":{"footnotes":""},"categories":[38],"tags":[],"class_list":["post-274330","post","type-post","status-publish","format-standard","has-post-thumbnail","hentry","category-show"],"_links":{"self":[{"href":"https:\/\/plazajuarez.mx\/historico\/wp-json\/wp\/v2\/posts\/274330","targetHints":{"allow":["GET"]}}],"collection":[{"href":"https:\/\/plazajuarez.mx\/historico\/wp-json\/wp\/v2\/posts"}],"about":[{"href":"https:\/\/plazajuarez.mx\/historico\/wp-json\/wp\/v2\/types\/post"}],"author":[{"embeddable":true,"href":"https:\/\/plazajuarez.mx\/historico\/wp-json\/wp\/v2\/users\/111"}],"replies":[{"embeddable":true,"href":"https:\/\/plazajuarez.mx\/historico\/wp-json\/wp\/v2\/comments?post=274330"}],"version-history":[{"count":0,"href":"https:\/\/plazajuarez.mx\/historico\/wp-json\/wp\/v2\/posts\/274330\/revisions"}],"wp:featuredmedia":[{"embeddable":true,"href":"https:\/\/plazajuarez.mx\/historico\/wp-json\/wp\/v2\/media\/274331"}],"wp:attachment":[{"href":"https:\/\/plazajuarez.mx\/historico\/wp-json\/wp\/v2\/media?parent=274330"}],"wp:term":[{"taxonomy":"category","embeddable":true,"href":"https:\/\/plazajuarez.mx\/historico\/wp-json\/wp\/v2\/categories?post=274330"},{"taxonomy":"post_tag","embeddable":true,"href":"https:\/\/plazajuarez.mx\/historico\/wp-json\/wp\/v2\/tags?post=274330"}],"curies":[{"name":"wp","href":"https:\/\/api.w.org\/{rel}","templated":true}]}}