{"id":274268,"date":"2023-08-04T10:38:25","date_gmt":"2023-08-04T16:38:25","guid":{"rendered":"https:\/\/plazajuarez.mx\/?p=274268"},"modified":"2023-08-04T11:52:03","modified_gmt":"2023-08-04T17:52:03","slug":"hombre-intenta-suicidarse-con-una-navaja","status":"publish","type":"post","link":"https:\/\/plazajuarez.mx\/historico\/hombre-intenta-suicidarse-con-una-navaja\/","title":{"rendered":"Hombre intenta suicidarse con una navaja"},"content":{"rendered":"\n<p>La ma\u00f1ana de este viernes 4 de agosto, elementos de la Secretar\u00eda de Seguridad Ciudadana (SSC) atendieron un reporte de intento de suicidio en inmediaciones del Banco de M\u00e9xico y Eje Central, en el Centro Hist\u00f3rico, donde un hombre amenazaba con quitarse la vida con una navaja.<\/p>\n\n\n\n<p>Durante casi 50 minutos el hombre identificado como Fabricio, de 47 a\u00f1os, amag\u00f3 con suicidarse porque asegura que es v\u00edctima de persecuci\u00f3n pol\u00edtica, por lo que ped\u00eda que autoridades del gobierno de Italia se presentaran en el lugar y le otorgaran un vuelo a dicho pa\u00eds.<\/p>\n\n\n\n<p>Tras jaloneos y negociaci\u00f3n, los polic\u00edas lograron desarmar al hombre y subirlo a una patrulla para brindarle apoyo psicol\u00f3gico, as\u00ed como verificar lo que dice,<\/p>\n","protected":false},"excerpt":{"rendered":"<p>La ma\u00f1ana de este viernes 4 de agosto, elementos de la Secretar\u00eda de Seguridad Ciudadana (SSC) atendieron un reporte de intento de suicidio en inmediaciones del Banco de M\u00e9xico y Eje Central, en el Centro Hist\u00f3rico, donde un hombre amenazaba con quitarse la vida con una navaja. Durante casi 50 minutos el hombre identificado como [&hellip;]<\/p>\n","protected":false},"author":81,"featured_media":238491,"comment_status":"closed","ping_status":"closed","sticky":false,"template":"","format":"standard","meta":{"footnotes":""},"categories":[37],"tags":[],"class_list":["post-274268","post","type-post","status-publish","format-standard","has-post-thumbnail","hentry","category-barandilla"],"_links":{"self":[{"href":"https:\/\/plazajuarez.mx\/historico\/wp-json\/wp\/v2\/posts\/274268","targetHints":{"allow":["GET"]}}],"collection":[{"href":"https:\/\/plazajuarez.mx\/historico\/wp-json\/wp\/v2\/posts"}],"about":[{"href":"https:\/\/plazajuarez.mx\/historico\/wp-json\/wp\/v2\/types\/post"}],"author":[{"embeddable":true,"href":"https:\/\/plazajuarez.mx\/historico\/wp-json\/wp\/v2\/users\/81"}],"replies":[{"embeddable":true,"href":"https:\/\/plazajuarez.mx\/historico\/wp-json\/wp\/v2\/comments?post=274268"}],"version-history":[{"count":0,"href":"https:\/\/plazajuarez.mx\/historico\/wp-json\/wp\/v2\/posts\/274268\/revisions"}],"wp:featuredmedia":[{"embeddable":true,"href":"https:\/\/plazajuarez.mx\/historico\/wp-json\/wp\/v2\/media\/238491"}],"wp:attachment":[{"href":"https:\/\/plazajuarez.mx\/historico\/wp-json\/wp\/v2\/media?parent=274268"}],"wp:term":[{"taxonomy":"category","embeddable":true,"href":"https:\/\/plazajuarez.mx\/historico\/wp-json\/wp\/v2\/categories?post=274268"},{"taxonomy":"post_tag","embeddable":true,"href":"https:\/\/plazajuarez.mx\/historico\/wp-json\/wp\/v2\/tags?post=274268"}],"curies":[{"name":"wp","href":"https:\/\/api.w.org\/{rel}","templated":true}]}}