{"id":274264,"date":"2023-08-04T10:34:15","date_gmt":"2023-08-04T16:34:15","guid":{"rendered":"https:\/\/plazajuarez.mx\/?p=274264"},"modified":"2023-08-04T10:34:16","modified_gmt":"2023-08-04T16:34:16","slug":"la-nueva-expo-del-papalote-museo-del-nino-que-celebra-sus-30-anos","status":"publish","type":"post","link":"https:\/\/plazajuarez.mx\/historico\/la-nueva-expo-del-papalote-museo-del-nino-que-celebra-sus-30-anos\/","title":{"rendered":"La nueva expo del Papalote Museo del Ni\u00f1o que celebra sus 30 a\u00f1os"},"content":{"rendered":"\n<p>El Papalote Museo del Ni\u00f1o de CDMX cumple 30 a\u00f1os en 2023 y lo festeja con una serie de eventos y exposiciones, como &#8216;Sue\u00f1a: Misi\u00f3n 0030&#8217;. Aqu\u00ed te contamos m\u00e1s detalles para que descubras el mundo de los sue\u00f1os a trav\u00e9s de esta divertida exposici\u00f3n.<\/p>\n\n\n\n<p>Con motivo de su aniversario, el Papalote Museo del Ni\u00f1o colabor\u00f3 con la Facultad de Medicina en la creaci\u00f3n de la exposici\u00f3n referida para mostrar a las infancias y a los adultos la importancia de tener una buena calidad del sue\u00f1o para poder dormir, descansar y so\u00f1ar en grande, de acuerdo con la revista Gaceta UNAM.<\/p>\n\n\n\n<p>El lema de esta exposici\u00f3n es &#8220;Dormir bien me ayuda a vivir y so\u00f1ar en grande&#8221;, la cual invita a ni\u00f1as y ni\u00f1os, as\u00ed como a madres y padres de familia, a convertirse en agentes especiales, cuya misi\u00f3n es cuidar el sue\u00f1o. Para lograr el objetivo, cada agente recibir\u00e1 un entrenamiento especial durante un recorrido guiado.<\/p>\n\n\n\n<p>La exposici\u00f3n &#8220;Sue\u00f1a: Misi\u00f3n 0030&#8221; consta de tres \u00e1reas tem\u00e1ticas: higiene del sue\u00f1o, el mundo on\u00edrico y el mundo real, que a su vez se dividen en 8 secciones: el Cuarto de Control, Cuida el Descanso, Prende tu Memoria, Prueba tu Energ\u00eda, Pide un Deseo, Juega en un Sue\u00f1o, Espanta Pesadillas y Agentes 0030.<\/p>\n\n\n\n<p>Esta misi\u00f3n consiste en entrenar a cada agente especial para que descubra la importancia de los sue\u00f1os por la expo del Papalote Museo del Ni\u00f1o, procurando apagar los est\u00edmulos que interrumpen el sue\u00f1o en un circuito de l\u00e1seres instalados en las zonas de Cuarto de Control y Cuida el Descanso. Asimismo, en el \u00e1rea de Prende tu Memoria, pondr\u00e1n a prueba su concentraci\u00f3n jugando un memorama.<\/p>\n\n\n\n<p>Adem\u00e1s, durante el recorrido por el \u00e1rea de Prueba tu Energ\u00eda, ni\u00f1as y ni\u00f1os podr\u00e1n medir su nivel de energ\u00eda pedaleando una bicicleta fija. En cuanto a la zona de Pide un Deseo, pedir\u00e1n a las estrellas que se cumpla su m\u00e1s anhelado sue\u00f1o.<\/p>\n\n\n\n<p>Luego disfrutar\u00e1n de la secci\u00f3n Juega en un Sue\u00f1o, para despu\u00e9s enfrentarse a sus mayores temores en el \u00e1rea de Espanta Pesadillas. Cuando terminen el recorrido, se les otorgar\u00e1 una credencial del Papalote Museo del Ni\u00f1o que los identifique como &#8220;Agentes 0030&#8221; por haber concluido exitosamente la misi\u00f3n de aprender la importancia del buen dormir.<\/p>\n\n\n\n<p>En la inauguraci\u00f3n de &#8220;Sue\u00f1a: Misi\u00f3n 0030&#8221;, Dolores Beistegui, directora general del Papalote Museo del Ni\u00f1o, coment\u00f3 que la exposici\u00f3n forma parte de la celebraci\u00f3n por los 30 a\u00f1os del museo.<\/p>\n\n\n\n<p>\u00bfCu\u00e1nto cuesta la expo &#8216;Sue\u00f1a: Misi\u00f3n 0030&#8217; del Papalote Museo del Ni\u00f1o?<\/p>\n\n\n\n<p>La expo estar\u00e1 abierta al p\u00fablico hasta el 27 de julio de 2024. La entrada general al museo tiene un costo de $215 pesos por persona.<\/p>\n\n\n\n<p>As\u00ed que este verano puedes visitar la expo &#8220;Sue\u00f1a: Misi\u00f3n 0030&#8221; en el Papalote Museo del Ni\u00f1o, en un horario de martes a viernes de 10 de la ma\u00f1ana hasta las 6 de la tarde, los s\u00e1bados a partir de las 9 de la ma\u00f1ana hasta las 5 de la tarde y los domingos de 10 am a 7 pm.<\/p>\n\n\n\n<p>El museo se encuentra en la Segunda Secci\u00f3n de Chapultepec, en Avenida Constituyentes 268, alcald\u00eda Miguel Hidalgo, CDMX.<\/p>\n","protected":false},"excerpt":{"rendered":"<p>El Papalote Museo del Ni\u00f1o de CDMX cumple 30 a\u00f1os en 2023 y lo festeja con una serie de eventos y exposiciones, como &#8216;Sue\u00f1a: Misi\u00f3n 0030&#8217;. Aqu\u00ed te contamos m\u00e1s detalles para que descubras el mundo de los sue\u00f1os a trav\u00e9s de esta divertida exposici\u00f3n. Con motivo de su aniversario, el Papalote Museo del Ni\u00f1o [&hellip;]<\/p>\n","protected":false},"author":81,"featured_media":274265,"comment_status":"closed","ping_status":"closed","sticky":false,"template":"","format":"standard","meta":{"footnotes":""},"categories":[41],"tags":[],"class_list":["post-274264","post","type-post","status-publish","format-standard","has-post-thumbnail","hentry","category-arteria-cultural"],"_links":{"self":[{"href":"https:\/\/plazajuarez.mx\/historico\/wp-json\/wp\/v2\/posts\/274264","targetHints":{"allow":["GET"]}}],"collection":[{"href":"https:\/\/plazajuarez.mx\/historico\/wp-json\/wp\/v2\/posts"}],"about":[{"href":"https:\/\/plazajuarez.mx\/historico\/wp-json\/wp\/v2\/types\/post"}],"author":[{"embeddable":true,"href":"https:\/\/plazajuarez.mx\/historico\/wp-json\/wp\/v2\/users\/81"}],"replies":[{"embeddable":true,"href":"https:\/\/plazajuarez.mx\/historico\/wp-json\/wp\/v2\/comments?post=274264"}],"version-history":[{"count":0,"href":"https:\/\/plazajuarez.mx\/historico\/wp-json\/wp\/v2\/posts\/274264\/revisions"}],"wp:featuredmedia":[{"embeddable":true,"href":"https:\/\/plazajuarez.mx\/historico\/wp-json\/wp\/v2\/media\/274265"}],"wp:attachment":[{"href":"https:\/\/plazajuarez.mx\/historico\/wp-json\/wp\/v2\/media?parent=274264"}],"wp:term":[{"taxonomy":"category","embeddable":true,"href":"https:\/\/plazajuarez.mx\/historico\/wp-json\/wp\/v2\/categories?post=274264"},{"taxonomy":"post_tag","embeddable":true,"href":"https:\/\/plazajuarez.mx\/historico\/wp-json\/wp\/v2\/tags?post=274264"}],"curies":[{"name":"wp","href":"https:\/\/api.w.org\/{rel}","templated":true}]}}