{"id":274260,"date":"2023-08-04T10:32:26","date_gmt":"2023-08-04T16:32:26","guid":{"rendered":"https:\/\/plazajuarez.mx\/?p=274260"},"modified":"2023-08-04T10:32:28","modified_gmt":"2023-08-04T16:32:28","slug":"ricardo-ofarrill-regresa-a-los-reflectores-y-estrena-claun","status":"publish","type":"post","link":"https:\/\/plazajuarez.mx\/historico\/ricardo-ofarrill-regresa-a-los-reflectores-y-estrena-claun\/","title":{"rendered":"Ricardo O&#8217;Farrill regresa a los reflectores y estrena &#8220;CLAUN&#8221;"},"content":{"rendered":"\n<p>Tras pedir disculpas a las personas que hiri\u00f3 y de haberse metido en varias pol\u00e9micas, el comediante Ricardo O&#8217;Farrill volvi\u00f3 a los reflectores y estren\u00f3 este jueves 3 de agosto su cortometraje llamado &#8220;CLAUN&#8221;, proyecto donde habla lo dif\u00edcil que es hacer comedia y lo que viven los protagonistas detr\u00e1s de los escenarios.<\/p>\n\n\n\n<p>El famoso standupero, quien es reconocido por su peculiar sentido del humor, hace unos meses vivi\u00f3 momentos dif\u00edciles en su vida, luego de haberse peleado con algunos de sus compa\u00f1eros en la boda de Mau Nieto, y de haber tenido una supuesta desaparici\u00f3n, por lo que fue internado en una cl\u00ednica psiqui\u00e1trica, donde seg\u00fan Richie fue violentado. Desde entonces, el comediante desapareci\u00f3 de sus redes sociales, y lo \u00fanico que se sab\u00eda de \u00e9l era por comunicados de sus padres o equipo de trabajo.<\/p>\n\n\n\n<p>A pesar de toda la pol\u00e9mica en la que fue metido, O&#8217;Farrill regres\u00f3 a las redes sociales, donde cont\u00f3 un poco de sus proyectos laborales; y fue as\u00ed que anunci\u00f3 el estren\u00f3 de dicho cortometraje que grab\u00f3 antes de su brote.<\/p>\n\n\n\n<p>&#8220;CLAUN ya disponible en Youtube, corran a verlo y no olviden compartirlo y dejarnos un comentario de lo que les pareci\u00f3.&#8221;, escribi\u00f3 en una publicaci\u00f3n de Twitter<\/p>\n\n\n\n<p>\u00bfDe qu\u00e9 trata el cortometraje de Ricardo O&#8217;Farrill?<\/p>\n\n\n\n<p>El cortometraje que dura aproximadamente 16 minutos con 16 segundos, y que fue dirigido por Luis Gerardo LoGar, reflexiona sobre la comedia y es una met\u00e1fora sobre las sorpresas que la vida da incluso a aquellos que tratan de hacer re\u00edr a los dem\u00e1s.<\/p>\n\n\n\n<p>El corto muestra a un comediante nervioso que se iba a presentar en un show, y al enterarse de la pol\u00e9mica que tuvo uno de sus colegas, pierde la audici\u00f3n, por lo que decide fumarse un cigarro para tranquilizarse. En ese instante un hombre, quien le dejar\u00eda una gran lecci\u00f3n, se acerca para pedirle una foto, y acto seguido le roba su cartera.<\/p>\n\n\n\n<p>El standupero que muestran en el video podr\u00eda tratarse del mismo Ricardo, ya que este se encuentra con un par de fans quienes mencionan uno de sus ic\u00f3nicos chistes.<\/p>\n\n\n\n<p>El video, que tiene poco m\u00e1s de 6,000 me gusta, fue bien recibido por los cibernautas, quienes le expresaron su apoyo y le pidieron al comediante que regresara a los escenarios.<\/p>\n\n\n\n<p>Ricardo O\u2019Farrill pide perd\u00f3n a quienes ofendi\u00f3<\/p>\n\n\n\n<p>Con la voz entrecortada y luciendo una playera con la leyenda &#8220;\u00c1nimo&#8221;, el standupero, dedic\u00f3 unas palabras a las personas que se\u00f1al\u00f3 durante los m\u00faltiples lives que realiz\u00f3 en Instagram.<\/p>\n\n\n\n<p>&#8220;Esto cuesta mucho trabajo, obviamente, estoy en un lugar vulnerable ahorita, pero este video es espec\u00edficamente para disculparme con todas las personas a las que ofend\u00ed durante mi brote man\u00edaco-depresivo&#8221;, se\u00f1ala en los primeros segundos del video.<\/p>\n\n\n\n<p>Asegur\u00f3 que estar en un brote es como &#8220;estar pose\u00eddo, no te das cuenta de tus acciones. Y s\u00ed hay muchas cosas malas. En espec\u00edfico hablar mal de tantas personas a las que quiero, respeto y admiro tanto y yo lo que hice fue fallarl<\/p>\n","protected":false},"excerpt":{"rendered":"<p>Tras pedir disculpas a las personas que hiri\u00f3 y de haberse metido en varias pol\u00e9micas, el comediante Ricardo O&#8217;Farrill volvi\u00f3 a los reflectores y estren\u00f3 este jueves 3 de agosto su cortometraje llamado &#8220;CLAUN&#8221;, proyecto donde habla lo dif\u00edcil que es hacer comedia y lo que viven los protagonistas detr\u00e1s de los escenarios. El famoso [&hellip;]<\/p>\n","protected":false},"author":81,"featured_media":274261,"comment_status":"closed","ping_status":"closed","sticky":false,"template":"","format":"standard","meta":{"footnotes":""},"categories":[38],"tags":[],"class_list":["post-274260","post","type-post","status-publish","format-standard","has-post-thumbnail","hentry","category-show"],"_links":{"self":[{"href":"https:\/\/plazajuarez.mx\/historico\/wp-json\/wp\/v2\/posts\/274260","targetHints":{"allow":["GET"]}}],"collection":[{"href":"https:\/\/plazajuarez.mx\/historico\/wp-json\/wp\/v2\/posts"}],"about":[{"href":"https:\/\/plazajuarez.mx\/historico\/wp-json\/wp\/v2\/types\/post"}],"author":[{"embeddable":true,"href":"https:\/\/plazajuarez.mx\/historico\/wp-json\/wp\/v2\/users\/81"}],"replies":[{"embeddable":true,"href":"https:\/\/plazajuarez.mx\/historico\/wp-json\/wp\/v2\/comments?post=274260"}],"version-history":[{"count":0,"href":"https:\/\/plazajuarez.mx\/historico\/wp-json\/wp\/v2\/posts\/274260\/revisions"}],"wp:featuredmedia":[{"embeddable":true,"href":"https:\/\/plazajuarez.mx\/historico\/wp-json\/wp\/v2\/media\/274261"}],"wp:attachment":[{"href":"https:\/\/plazajuarez.mx\/historico\/wp-json\/wp\/v2\/media?parent=274260"}],"wp:term":[{"taxonomy":"category","embeddable":true,"href":"https:\/\/plazajuarez.mx\/historico\/wp-json\/wp\/v2\/categories?post=274260"},{"taxonomy":"post_tag","embeddable":true,"href":"https:\/\/plazajuarez.mx\/historico\/wp-json\/wp\/v2\/tags?post=274260"}],"curies":[{"name":"wp","href":"https:\/\/api.w.org\/{rel}","templated":true}]}}