{"id":274152,"date":"2023-08-04T06:42:00","date_gmt":"2023-08-04T12:42:00","guid":{"rendered":"https:\/\/plazajuarez.mx\/?p=274152"},"modified":"2023-08-03T22:44:06","modified_gmt":"2023-08-04T04:44:06","slug":"lopez-obrador-tacha-de-inhumano-al-gobernador-de-texas","status":"publish","type":"post","link":"https:\/\/plazajuarez.mx\/historico\/lopez-obrador-tacha-de-inhumano-al-gobernador-de-texas\/","title":{"rendered":"L\u00f3pez Obrador tacha de \u201cinhumano\u201d al gobernador de Texas"},"content":{"rendered":"\n<p>El presidente mexicano, Andr\u00e9s Manuel L\u00f3pez Obrador, afirm\u00f3 que el actuar del gobernador de Texas, Greg Abbott, es \u201cinhumano\u201d tras la muerte de dos personas en el r\u00edo Bravo, donde el republicano coloc\u00f3 boyas y un cerco de alambre para evitar el paso de migrantes.<\/p>\n\n\n\n<p>\u201cNo deber\u00eda de actuar as\u00ed. Es inhumano. (Le digo) que no se trata as\u00ed a ninguna persona, no debe tratar as\u00ed a nadie, que eso no es de gente buena, y que solo siendo buenos podemos ser felices\u201d, se\u00f1al\u00f3 el mandatario durante su conferencia de prensa matutina.<\/p>\n\n\n\n<p>L\u00f3pez Obrador se refiri\u00f3 as\u00ed a la informaci\u00f3n del hallazgo entre la tarde del mi\u00e9rcoles y la madrugada de este jueves de dos cad\u00e1veres de presuntos migrantes en Piedras Negras, ciudad fronteriza con la urbe estadounidense de Eagle Pass, Texas.<\/p>\n\n\n\n<p>\u201cAyer se nos present\u00f3 el reporte, la Secretar\u00eda de Relaciones Exteriores (SRE) lo est\u00e1 viendo, se est\u00e1 conociendo sobre la nacionalidad&#8221;, asever\u00f3. &#8220;Y se va a actuar\u201d, prometi\u00f3.<\/p>\n","protected":false},"excerpt":{"rendered":"<p>El presidente mexicano, Andr\u00e9s Manuel L\u00f3pez Obrador, afirm\u00f3 que el actuar del gobernador de Texas, Greg Abbott, es \u201cinhumano\u201d tras la muerte de dos personas en el r\u00edo Bravo, donde el republicano coloc\u00f3 boyas y un cerco de alambre para evitar el paso de migrantes. \u201cNo deber\u00eda de actuar as\u00ed. Es inhumano. (Le digo) que [&hellip;]<\/p>\n","protected":false},"author":80,"featured_media":274153,"comment_status":"closed","ping_status":"closed","sticky":false,"template":"","format":"standard","meta":{"footnotes":""},"categories":[36],"tags":[],"class_list":["post-274152","post","type-post","status-publish","format-standard","has-post-thumbnail","hentry","category-nacion"],"_links":{"self":[{"href":"https:\/\/plazajuarez.mx\/historico\/wp-json\/wp\/v2\/posts\/274152","targetHints":{"allow":["GET"]}}],"collection":[{"href":"https:\/\/plazajuarez.mx\/historico\/wp-json\/wp\/v2\/posts"}],"about":[{"href":"https:\/\/plazajuarez.mx\/historico\/wp-json\/wp\/v2\/types\/post"}],"author":[{"embeddable":true,"href":"https:\/\/plazajuarez.mx\/historico\/wp-json\/wp\/v2\/users\/80"}],"replies":[{"embeddable":true,"href":"https:\/\/plazajuarez.mx\/historico\/wp-json\/wp\/v2\/comments?post=274152"}],"version-history":[{"count":0,"href":"https:\/\/plazajuarez.mx\/historico\/wp-json\/wp\/v2\/posts\/274152\/revisions"}],"wp:featuredmedia":[{"embeddable":true,"href":"https:\/\/plazajuarez.mx\/historico\/wp-json\/wp\/v2\/media\/274153"}],"wp:attachment":[{"href":"https:\/\/plazajuarez.mx\/historico\/wp-json\/wp\/v2\/media?parent=274152"}],"wp:term":[{"taxonomy":"category","embeddable":true,"href":"https:\/\/plazajuarez.mx\/historico\/wp-json\/wp\/v2\/categories?post=274152"},{"taxonomy":"post_tag","embeddable":true,"href":"https:\/\/plazajuarez.mx\/historico\/wp-json\/wp\/v2\/tags?post=274152"}],"curies":[{"name":"wp","href":"https:\/\/api.w.org\/{rel}","templated":true}]}}