{"id":274019,"date":"2023-08-03T11:39:25","date_gmt":"2023-08-03T17:39:25","guid":{"rendered":"https:\/\/plazajuarez.mx\/?p=274019"},"modified":"2023-08-04T08:31:03","modified_gmt":"2023-08-04T14:31:03","slug":"tenemos-informe-de-lo-que-sucedio-con-la-mexicana-en-alemania-amlo","status":"publish","type":"post","link":"https:\/\/plazajuarez.mx\/historico\/tenemos-informe-de-lo-que-sucedio-con-la-mexicana-en-alemania-amlo\/","title":{"rendered":"&#8220;Tenemos informe de lo que sucedi\u00f3 con la mexicana en Alemania&#8221;: AMLO"},"content":{"rendered":"\n<p>En una actualizaci\u00f3n sobre la desaparici\u00f3n de la joven Mar\u00eda Fernanda S\u00e1nchez Casta\u00f1eda, el pasado 22 de julio en el distrito berlin\u00e9s de Adlershof, el presidente Andr\u00e9s Manuel L\u00f3pez Obrador asegur\u00f3 que ya se tiene informaci\u00f3n de lo que sucedi\u00f3.<\/p>\n\n\n\n<p>&#8220;Ya tenemos informe de lo que sucedi\u00f3 antes de que desapareciera la joven, tenemos informaci\u00f3n ya de lo que se est\u00e1 haciendo, que no puedo yo dar a conocer ahora&#8221;, declar\u00f3 L\u00f3pez Obrador en su conferencia ma\u00f1anera de este jueves 3 de agosto en Palacio Nacional.<\/p>\n\n\n\n<p>En su conferencia matutina de este lunes, el presidente L\u00f3pez Obrador asegur\u00f3 que &#8220;ya se est\u00e1 avanzando mucho en la investigaci\u00f3n&#8221;, pero &#8220;hay una situaci\u00f3n especial&#8221;.<\/p>\n\n\n\n<p>&#8220;Hay una situaci\u00f3n especial que no quiero dar a conocer por razones de prudencia, que tienen que ver con la secrec\u00eda de este caso, pero ya se est\u00e1 avanzando mucho en la investigaci\u00f3n&#8221;, dijo L\u00f3pez Obrador.<\/p>\n\n\n\n<p>El Presidente destac\u00f3 que las autoridades alemanas ayudan con la investigaci\u00f3n para localizar a la estudiante.<\/p>\n\n\n\n<p>&#8212;-Sin pistas de Mar\u00eda Fernanda, se\u00f1alan autoridades de Berl\u00edn<\/p>\n\n\n\n<p>Desafortunadamente en el caso de Mar\u00eda Fernanda S\u00e1nchez, la joven de Quer\u00e9taro que desapareci\u00f3 en Berl\u00edn, Alemania, el 22 de julio, la polic\u00eda de Berl\u00edn indic\u00f3 que a\u00fan no tiene ninguna pista sobre su paradero; solo se sabe que las autoridades siguen investigando, as\u00ed como en las labores de b\u00fasqueda.<\/p>\n\n\n\n<p>En M\u00e9xico, el martes el presidente Andr\u00e9s Manuel L\u00f3pez Obrador inform\u00f3 en su conferencia de prensa matutina que las autoridades alemanas ayudan en la b\u00fasqueda de la joven y que est\u00e1 avanzando &#8220;mucho&#8221; la investigaci\u00f3n, aunque evit\u00f3 dar detalles sobre &#8220;una situaci\u00f3n especial&#8221;.<\/p>\n\n\n\n<p>M\u00e1s tarde, la Secretar\u00eda de Relaciones Exteriores (SRE) inform\u00f3 que, a trav\u00e9s de la Secci\u00f3n Consular de la Embajada de M\u00e9xico en Alemania, se han realizado acciones en coordinaci\u00f3n con los padres de la joven, as\u00ed como gestiones para poder obtener la colaboraci\u00f3n de la Interpol en el caso.<\/p>\n","protected":false},"excerpt":{"rendered":"<p>En una actualizaci\u00f3n sobre la desaparici\u00f3n de la joven Mar\u00eda Fernanda S\u00e1nchez Casta\u00f1eda, el pasado 22 de julio en el distrito berlin\u00e9s de Adlershof, el presidente Andr\u00e9s Manuel L\u00f3pez Obrador asegur\u00f3 que ya se tiene informaci\u00f3n de lo que sucedi\u00f3. &#8220;Ya tenemos informe de lo que sucedi\u00f3 antes de que desapareciera la joven, tenemos informaci\u00f3n [&hellip;]<\/p>\n","protected":false},"author":81,"featured_media":272821,"comment_status":"closed","ping_status":"closed","sticky":false,"template":"","format":"standard","meta":{"footnotes":""},"categories":[15,36],"tags":[],"class_list":["post-274019","post","type-post","status-publish","format-standard","has-post-thumbnail","hentry","category-destacadas","category-nacion"],"_links":{"self":[{"href":"https:\/\/plazajuarez.mx\/historico\/wp-json\/wp\/v2\/posts\/274019","targetHints":{"allow":["GET"]}}],"collection":[{"href":"https:\/\/plazajuarez.mx\/historico\/wp-json\/wp\/v2\/posts"}],"about":[{"href":"https:\/\/plazajuarez.mx\/historico\/wp-json\/wp\/v2\/types\/post"}],"author":[{"embeddable":true,"href":"https:\/\/plazajuarez.mx\/historico\/wp-json\/wp\/v2\/users\/81"}],"replies":[{"embeddable":true,"href":"https:\/\/plazajuarez.mx\/historico\/wp-json\/wp\/v2\/comments?post=274019"}],"version-history":[{"count":0,"href":"https:\/\/plazajuarez.mx\/historico\/wp-json\/wp\/v2\/posts\/274019\/revisions"}],"wp:featuredmedia":[{"embeddable":true,"href":"https:\/\/plazajuarez.mx\/historico\/wp-json\/wp\/v2\/media\/272821"}],"wp:attachment":[{"href":"https:\/\/plazajuarez.mx\/historico\/wp-json\/wp\/v2\/media?parent=274019"}],"wp:term":[{"taxonomy":"category","embeddable":true,"href":"https:\/\/plazajuarez.mx\/historico\/wp-json\/wp\/v2\/categories?post=274019"},{"taxonomy":"post_tag","embeddable":true,"href":"https:\/\/plazajuarez.mx\/historico\/wp-json\/wp\/v2\/tags?post=274019"}],"curies":[{"name":"wp","href":"https:\/\/api.w.org\/{rel}","templated":true}]}}