{"id":273972,"date":"2023-08-03T07:34:00","date_gmt":"2023-08-03T13:34:00","guid":{"rendered":"https:\/\/plazajuarez.mx\/?p=273972"},"modified":"2023-08-03T09:37:22","modified_gmt":"2023-08-03T15:37:22","slug":"alistan-visita-de-claudia-sheinbaum-a-ixmiquilpan-hara-mitin-en-el-centro","status":"publish","type":"post","link":"https:\/\/plazajuarez.mx\/historico\/alistan-visita-de-claudia-sheinbaum-a-ixmiquilpan-hara-mitin-en-el-centro\/","title":{"rendered":"Alistan visita de Claudia Sheinbaum a Ixmiquilpan, har\u00e1 m\u00edtin en el centro"},"content":{"rendered":"\n<p><strong>IXMIQUILPAN<\/strong>.- La Exjefa de Gobierno de la Ciudad de M\u00e9xico, Claudia Sheinbaum y aspirante de Morena a la Presidencia de la Rep\u00fablica, realizar\u00e1 una visita al municipio de Ixmiquilpan el pr\u00f3ximo viernes, donde se reunir\u00e1 con seguidores en la plaza principal a las cuatro de la tarde.\u00a0<\/p>\n\n\n\n<p>Previamente, sostendr\u00eda un encuentro con medios de comunicaci\u00f3n, se ha informado, para posteriormente encabezar un mitin en el centro de la ciudad, como parte del proceso rumbo a la encuesta, m\u00e9todo con el que se definir\u00e1&nbsp; la candidatura a la Presidencia.&nbsp;<\/p>\n\n\n\n<p>Entre los organizadores, se encuentra la exdiputada local, Lucero Ambrosio, asimismo parte de la estructura en la regi\u00f3n del Mezquital.<\/p>\n\n\n\n<p>Ayer por la tarde, se llev\u00f3 a cabo una reuni\u00f3n con diferentes liderazgos de la regi\u00f3n del Mezquital, para garantizar la presencia de personas en este evento, el cual se busca robustecer, pues estar\u00e1 visitando uno de los municipios con mayor militancia de Morena.&nbsp;<\/p>\n","protected":false},"excerpt":{"rendered":"<p>IXMIQUILPAN.- La Exjefa de Gobierno de la Ciudad de M\u00e9xico, Claudia Sheinbaum y aspirante de Morena a la Presidencia de la Rep\u00fablica, realizar\u00e1 una visita al municipio de Ixmiquilpan el pr\u00f3ximo viernes, donde se reunir\u00e1 con seguidores en la plaza principal a las cuatro de la tarde.\u00a0 Previamente, sostendr\u00eda un encuentro con medios de comunicaci\u00f3n, [&hellip;]<\/p>\n","protected":false},"author":75,"featured_media":273979,"comment_status":"closed","ping_status":"closed","sticky":false,"template":"","format":"standard","meta":{"footnotes":""},"categories":[2159,40],"tags":[],"class_list":["post-273972","post","type-post","status-publish","format-standard","has-post-thumbnail","hentry","category-noticias-de-hidalgo","category-region"],"_links":{"self":[{"href":"https:\/\/plazajuarez.mx\/historico\/wp-json\/wp\/v2\/posts\/273972","targetHints":{"allow":["GET"]}}],"collection":[{"href":"https:\/\/plazajuarez.mx\/historico\/wp-json\/wp\/v2\/posts"}],"about":[{"href":"https:\/\/plazajuarez.mx\/historico\/wp-json\/wp\/v2\/types\/post"}],"author":[{"embeddable":true,"href":"https:\/\/plazajuarez.mx\/historico\/wp-json\/wp\/v2\/users\/75"}],"replies":[{"embeddable":true,"href":"https:\/\/plazajuarez.mx\/historico\/wp-json\/wp\/v2\/comments?post=273972"}],"version-history":[{"count":0,"href":"https:\/\/plazajuarez.mx\/historico\/wp-json\/wp\/v2\/posts\/273972\/revisions"}],"wp:featuredmedia":[{"embeddable":true,"href":"https:\/\/plazajuarez.mx\/historico\/wp-json\/wp\/v2\/media\/273979"}],"wp:attachment":[{"href":"https:\/\/plazajuarez.mx\/historico\/wp-json\/wp\/v2\/media?parent=273972"}],"wp:term":[{"taxonomy":"category","embeddable":true,"href":"https:\/\/plazajuarez.mx\/historico\/wp-json\/wp\/v2\/categories?post=273972"},{"taxonomy":"post_tag","embeddable":true,"href":"https:\/\/plazajuarez.mx\/historico\/wp-json\/wp\/v2\/tags?post=273972"}],"curies":[{"name":"wp","href":"https:\/\/api.w.org\/{rel}","templated":true}]}}