{"id":273949,"date":"2023-08-03T07:33:00","date_gmt":"2023-08-03T13:33:00","guid":{"rendered":"https:\/\/plazajuarez.mx\/?p=273949"},"modified":"2023-08-03T09:26:49","modified_gmt":"2023-08-03T15:26:49","slug":"celebraran-al-cristo-de-las-tres-caidas-en-tepetitlan","status":"publish","type":"post","link":"https:\/\/plazajuarez.mx\/historico\/celebraran-al-cristo-de-las-tres-caidas-en-tepetitlan\/","title":{"rendered":"Celebrar\u00e1n al Cristo de las Tres Ca\u00eddas en Tepetitl\u00e1n"},"content":{"rendered":"\n<p>El olor de la carne asada y la frescura de una bebida que la acompa\u00f1e, ser\u00e1 parte de la esencia que podr\u00e1n disfrutar visitantes que decidan participar en la Feria de Tepetitl\u00e1n, en donde sus habitantes ya se preparan para celebrar esta gran fiesta en honor al Se\u00f1or de las Tres Ca\u00eddas, evento religioso que se realizar\u00e1 del cuatro al siete de agosto de 2023.<\/p>\n\n\n\n<p>Esta celebraci\u00f3n es parte de las tradiciones de este lugar lo que impulsa al turismo religioso. Los honores al santo patrono incluyen las ma\u00f1anitas con mariachi y m\u00fasica de banda. Tambi\u00e9n se lleva a cabo la eucarist\u00eda, recepci\u00f3n de peregrinos y procesi\u00f3n por las principales calles del lugar.<\/p>\n\n\n\n<p>Lo anterior se anunci\u00f3 en la presentaci\u00f3n del evento, en las instalaciones de la Secretar\u00eda de Turismo del estado, donde El\u00edas Castillo Mart\u00ednez, presidente Municipal de Tepetitl\u00e1n, dijo: \u201cLas actividades de entretenimiento preparan un programa que disfrutar\u00e1n todas y todos los asistentes provenientes de distintos lugares del estado de Hidalgo como Nopala de Villagr\u00e1n, Chapantongo, Tezontepec de Aldama y Tula de Allende\u201d.<\/p>\n\n\n\n<p>&nbsp;\u201cLos d\u00edas de fiesta incluyen actividades art\u00edsticas y culturales, adem\u00e1s de juegos mec\u00e1nicos y de destreza\u201d, agreg\u00f3.<\/p>\n","protected":false},"excerpt":{"rendered":"<p>El olor de la carne asada y la frescura de una bebida que la acompa\u00f1e, ser\u00e1 parte de la esencia que podr\u00e1n disfrutar visitantes que decidan participar en la Feria de Tepetitl\u00e1n, en donde sus habitantes ya se preparan para celebrar esta gran fiesta en honor al Se\u00f1or de las Tres Ca\u00eddas, evento religioso que [&hellip;]<\/p>\n","protected":false},"author":93,"featured_media":273954,"comment_status":"closed","ping_status":"closed","sticky":false,"template":"","format":"standard","meta":{"footnotes":""},"categories":[15,59],"tags":[],"class_list":["post-273949","post","type-post","status-publish","format-standard","has-post-thumbnail","hentry","category-destacadas","category-general"],"_links":{"self":[{"href":"https:\/\/plazajuarez.mx\/historico\/wp-json\/wp\/v2\/posts\/273949","targetHints":{"allow":["GET"]}}],"collection":[{"href":"https:\/\/plazajuarez.mx\/historico\/wp-json\/wp\/v2\/posts"}],"about":[{"href":"https:\/\/plazajuarez.mx\/historico\/wp-json\/wp\/v2\/types\/post"}],"author":[{"embeddable":true,"href":"https:\/\/plazajuarez.mx\/historico\/wp-json\/wp\/v2\/users\/93"}],"replies":[{"embeddable":true,"href":"https:\/\/plazajuarez.mx\/historico\/wp-json\/wp\/v2\/comments?post=273949"}],"version-history":[{"count":0,"href":"https:\/\/plazajuarez.mx\/historico\/wp-json\/wp\/v2\/posts\/273949\/revisions"}],"wp:featuredmedia":[{"embeddable":true,"href":"https:\/\/plazajuarez.mx\/historico\/wp-json\/wp\/v2\/media\/273954"}],"wp:attachment":[{"href":"https:\/\/plazajuarez.mx\/historico\/wp-json\/wp\/v2\/media?parent=273949"}],"wp:term":[{"taxonomy":"category","embeddable":true,"href":"https:\/\/plazajuarez.mx\/historico\/wp-json\/wp\/v2\/categories?post=273949"},{"taxonomy":"post_tag","embeddable":true,"href":"https:\/\/plazajuarez.mx\/historico\/wp-json\/wp\/v2\/tags?post=273949"}],"curies":[{"name":"wp","href":"https:\/\/api.w.org\/{rel}","templated":true}]}}