{"id":27377,"date":"2016-08-27T14:12:34","date_gmt":"2016-08-27T14:12:34","guid":{"rendered":"http:\/\/plazajuarez.mx\/index\/index.php\/2016\/08\/27\/dedicaran-cafe-literario-al-escritor-henning-mankell\/"},"modified":"2016-08-27T14:12:34","modified_gmt":"2016-08-27T14:12:34","slug":"dedicaran-cafe-literario-al-escritor-henning-mankell","status":"publish","type":"post","link":"https:\/\/plazajuarez.mx\/historico\/dedicaran-cafe-literario-al-escritor-henning-mankell\/","title":{"rendered":"Dedicar\u00e1n caf\u00e9 literario al escritor Henning Mankell"},"content":{"rendered":"<p dir=\"ltr\" style=\"text-align: justify;\">La Biblioteca Central del Estado de Hidalgo (BCEH) realizar\u00e1 el caf\u00e9 literario denominado \u201cHenning Mankell, el maestro de la novela negra n\u00f3rdica\u201d, moderado por Raquel Reyes Barrag\u00e1n. Esta actividad se realizar\u00e1 hoy s\u00e1bado 27 de agosto, en punto de las 17:00 horas, en la sala de usos m\u00faltiples de la BCEH.<\/p>\n<p>  <!--more-->  <\/p>\n<p dir=\"ltr\" style=\"text-align: justify;\">En este caf\u00e9 literario se abordar\u00e1 la vida y la obra de quien es considerado uno de los escritores m\u00e1s destacados en el g\u00e9nero, para que los usuarios de la biblioteca tengan un acercamiento con una propuesta proveniente de otro pa\u00eds, con lo cual ampl\u00eden el panorama de sus lecturas.<\/p>\n<p dir=\"ltr\" style=\"text-align: justify;\">Mankell naci\u00f3 en Estocolmo, Suecia. Su padre, Ivar Mankell, fue juez, y su abuelo, tambi\u00e9n llamado Henning Mankell (1868-1930), fue compositor y pianista.<\/p>\n<p dir=\"ltr\" style=\"text-align: justify;\">En noviembre de 2006 fue galardonado con el Premio Pepe Carvalho, que reconoce a autores de prestigio y trayectoria reconocida en el \u00e1mbito de la novela negra y donde el jurado consider\u00f3 que Mankell \u201ccomparte con Manuel V\u00e1zquez Montalb\u00e1n la idea de utilizar la novela negra para abordar cr\u00edticamente los retos de la sociedad actual\u201d. En enero de 2014, Mankell revel\u00f3 que padec\u00eda de c\u00e1ncer.<\/p>\n","protected":false},"excerpt":{"rendered":"<p>La Biblioteca Central del Estado de Hidalgo (BCEH) realizar\u00e1 el caf\u00e9 literario denominado \u201cHenning Mankell, el maestro de la novela negra n\u00f3rdica\u201d, moderado por Raquel Reyes Barrag\u00e1n. Esta actividad se realizar\u00e1 hoy s\u00e1bado 27 de agosto, en punto de las 17:00 horas, en la sala de usos m\u00faltiples de la BCEH.<\/p>\n","protected":false},"author":3,"featured_media":0,"comment_status":"open","ping_status":"open","sticky":false,"template":"","format":"standard","meta":{"footnotes":""},"categories":[41],"tags":[],"class_list":["post-27377","post","type-post","status-publish","format-standard","hentry","category-arteria-cultural"],"_links":{"self":[{"href":"https:\/\/plazajuarez.mx\/historico\/wp-json\/wp\/v2\/posts\/27377","targetHints":{"allow":["GET"]}}],"collection":[{"href":"https:\/\/plazajuarez.mx\/historico\/wp-json\/wp\/v2\/posts"}],"about":[{"href":"https:\/\/plazajuarez.mx\/historico\/wp-json\/wp\/v2\/types\/post"}],"author":[{"embeddable":true,"href":"https:\/\/plazajuarez.mx\/historico\/wp-json\/wp\/v2\/users\/3"}],"replies":[{"embeddable":true,"href":"https:\/\/plazajuarez.mx\/historico\/wp-json\/wp\/v2\/comments?post=27377"}],"version-history":[{"count":0,"href":"https:\/\/plazajuarez.mx\/historico\/wp-json\/wp\/v2\/posts\/27377\/revisions"}],"wp:attachment":[{"href":"https:\/\/plazajuarez.mx\/historico\/wp-json\/wp\/v2\/media?parent=27377"}],"wp:term":[{"taxonomy":"category","embeddable":true,"href":"https:\/\/plazajuarez.mx\/historico\/wp-json\/wp\/v2\/categories?post=27377"},{"taxonomy":"post_tag","embeddable":true,"href":"https:\/\/plazajuarez.mx\/historico\/wp-json\/wp\/v2\/tags?post=27377"}],"curies":[{"name":"wp","href":"https:\/\/api.w.org\/{rel}","templated":true}]}}