{"id":273735,"date":"2023-08-02T08:09:33","date_gmt":"2023-08-02T14:09:33","guid":{"rendered":"https:\/\/plazajuarez.mx\/?p=273735"},"modified":"2023-08-02T08:09:35","modified_gmt":"2023-08-02T14:09:35","slug":"habilitan-concurso-para-tiktokers","status":"publish","type":"post","link":"https:\/\/plazajuarez.mx\/historico\/habilitan-concurso-para-tiktokers\/","title":{"rendered":"Habilitan concurso para \u201cTiktokers\u201d"},"content":{"rendered":"\n<p>Con el objetivo de promover la transparencia, el acceso a la informaci\u00f3n y la protecci\u00f3n de datos personales, el Instituto de Transparencia, Acceso a la Informaci\u00f3n P\u00fablica Gubernamental y Protecci\u00f3n de Datos Personales del Estado de Hidalgo (ITAIH) invit\u00f3 a todas las personas mayores de 13 a\u00f1os a participar en el concurso \u201c60 segundos para informarme\u201d.&nbsp;<\/p>\n\n\n\n<p>La convocatoria para la tercera edici\u00f3n de esta din\u00e1mica, establece que se deber\u00e1 realizar un video vertical de 60 segundos para publicarse&nbsp; en la plataforma de TikTok, las publicaciones concursantes deben acompa\u00f1arse del hashtag #60SegundosParaInformarme2023 o #INAIINFOCHALLENGE60SEGUNDOS2023, antes del&nbsp; 30 de septiembre.<\/p>\n\n\n\n<p>En el video se debe mostrar: \u201cc\u00f3mo la transparencia, el acceso a la informaci\u00f3n, la protecci\u00f3n de los datos personales&nbsp; o el gobierno abierto, la transparencia proactiva, los datos abiertos o la rendici\u00f3n de cuentas pueden ser importantes herramientas en la vida cotidiana y en la mejora de las comunidades\u201d.<\/p>\n\n\n\n<p>Los interesados, pueden consultar la convocatoria en <a href=\"https:\/\/micrositios.inai.org.mx\/gobiernoabiertoytransparencia\/wp-content\/uploads\/2023\/06\/Tik-Tok_convocatoria.pdf\">https:\/\/micrositios.inai.org.mx\/gobiernoabiertoytransparencia\/wp-content\/uploads\/2023\/06\/Tik-Tok_convocatoria.pdf<\/a> o bien ponerse en contacto al correo electr\u00f3nico: <a href=\"mailto:tproactiva@inai.org.mx\">tproactiva@inai.org.mx<\/a> para que sus dudas sean resueltas.<\/p>\n\n\n\n<p>El certamen nacional, organizado por el Instituto Nacional de Transparencia,&nbsp; Acceso a la Informaci\u00f3n y Protecci\u00f3n de Datos Personales (INAI) tendr\u00e1 como premios: una c\u00e1mara semiprofesional marca Canon, para el primer lugar; un Ipad de marca Apple para el segundo lugar; y unos aud\u00edfonos inal\u00e1mbricos QuietConfort para el tercer lugar.&nbsp;<\/p>\n","protected":false},"excerpt":{"rendered":"<p>Con el objetivo de promover la transparencia, el acceso a la informaci\u00f3n y la protecci\u00f3n de datos personales, el Instituto de Transparencia, Acceso a la Informaci\u00f3n P\u00fablica Gubernamental y Protecci\u00f3n de Datos Personales del Estado de Hidalgo (ITAIH) invit\u00f3 a todas las personas mayores de 13 a\u00f1os a participar en el concurso \u201c60 segundos para [&hellip;]<\/p>\n","protected":false},"author":72,"featured_media":273738,"comment_status":"closed","ping_status":"closed","sticky":false,"template":"","format":"standard","meta":{"footnotes":""},"categories":[15,59],"tags":[],"class_list":["post-273735","post","type-post","status-publish","format-standard","has-post-thumbnail","hentry","category-destacadas","category-general"],"_links":{"self":[{"href":"https:\/\/plazajuarez.mx\/historico\/wp-json\/wp\/v2\/posts\/273735","targetHints":{"allow":["GET"]}}],"collection":[{"href":"https:\/\/plazajuarez.mx\/historico\/wp-json\/wp\/v2\/posts"}],"about":[{"href":"https:\/\/plazajuarez.mx\/historico\/wp-json\/wp\/v2\/types\/post"}],"author":[{"embeddable":true,"href":"https:\/\/plazajuarez.mx\/historico\/wp-json\/wp\/v2\/users\/72"}],"replies":[{"embeddable":true,"href":"https:\/\/plazajuarez.mx\/historico\/wp-json\/wp\/v2\/comments?post=273735"}],"version-history":[{"count":0,"href":"https:\/\/plazajuarez.mx\/historico\/wp-json\/wp\/v2\/posts\/273735\/revisions"}],"wp:featuredmedia":[{"embeddable":true,"href":"https:\/\/plazajuarez.mx\/historico\/wp-json\/wp\/v2\/media\/273738"}],"wp:attachment":[{"href":"https:\/\/plazajuarez.mx\/historico\/wp-json\/wp\/v2\/media?parent=273735"}],"wp:term":[{"taxonomy":"category","embeddable":true,"href":"https:\/\/plazajuarez.mx\/historico\/wp-json\/wp\/v2\/categories?post=273735"},{"taxonomy":"post_tag","embeddable":true,"href":"https:\/\/plazajuarez.mx\/historico\/wp-json\/wp\/v2\/tags?post=273735"}],"curies":[{"name":"wp","href":"https:\/\/api.w.org\/{rel}","templated":true}]}}