{"id":27371,"date":"2016-08-27T14:03:16","date_gmt":"2016-08-27T14:03:16","guid":{"rendered":"http:\/\/plazajuarez.mx\/index\/index.php\/2016\/08\/27\/pide-yunes-intervencion-en-veracruz-contra-duarte\/"},"modified":"2016-08-27T14:03:16","modified_gmt":"2016-08-27T14:03:16","slug":"pide-yunes-intervencion-en-veracruz-contra-duarte","status":"publish","type":"post","link":"https:\/\/plazajuarez.mx\/historico\/pide-yunes-intervencion-en-veracruz-contra-duarte\/","title":{"rendered":"Pide Yunes intervenci\u00f3n en  Veracruz contra Duarte"},"content":{"rendered":"<p dir=\"ltr\" style=\"text-align: justify;\">Miguel \u00c1ngel Yunes, gobernador electo de Veracruz -impulsado por la mancuerna PAN-PRD- conmin\u00f3 a la autoridad federal a intervenir en su estado, contra el actual gobernador Javier Duarte. \u201cLo que procede es actuar con eficiencia, para aplicar la ley a quienes desfalcaron a los veracruzanos y para recuperar los bienes que se robaron\u201d.<\/p>\n<p>  <!--more-->  <\/p>\n<p dir=\"ltr\" style=\"text-align: justify;\">El ex pri\u00edsta, convertido en panista, y ahora ganador de la pasada elecci\u00f3n en la entidad por la coalici\u00f3n firmada entre perredistas y panistas, escal\u00f3 las acusaciones entre \u00e9l y Javier Duarte, al advertir que a partir del primero de diciembre se encargar\u00e1 de llevar a prisi\u00f3n al actual gobernante y a quienes defraudaron a su estado.<\/p>\n<p dir=\"ltr\" style=\"text-align: justify;\">\u201cQue la autoridad intervenga, yo asumir\u00e9 el cargo a partir del primero de diciembre, y a partir de entonces ser\u00e1 mi responsabilidad que Duarte y los que defraudaron a Veracruz, vayan a la c\u00e1rcel\u201d.<\/p>\n","protected":false},"excerpt":{"rendered":"<p>Miguel \u00c1ngel Yunes, gobernador electo de Veracruz -impulsado por la mancuerna PAN-PRD- conmin\u00f3 a la autoridad federal a intervenir en su estado, contra el actual gobernador Javier Duarte. \u201cLo que procede es actuar con eficiencia, para aplicar la ley a quienes desfalcaron a los veracruzanos y para recuperar los bienes que se robaron\u201d.<\/p>\n","protected":false},"author":3,"featured_media":0,"comment_status":"open","ping_status":"open","sticky":false,"template":"","format":"standard","meta":{"footnotes":""},"categories":[36],"tags":[],"class_list":["post-27371","post","type-post","status-publish","format-standard","hentry","category-nacion"],"_links":{"self":[{"href":"https:\/\/plazajuarez.mx\/historico\/wp-json\/wp\/v2\/posts\/27371","targetHints":{"allow":["GET"]}}],"collection":[{"href":"https:\/\/plazajuarez.mx\/historico\/wp-json\/wp\/v2\/posts"}],"about":[{"href":"https:\/\/plazajuarez.mx\/historico\/wp-json\/wp\/v2\/types\/post"}],"author":[{"embeddable":true,"href":"https:\/\/plazajuarez.mx\/historico\/wp-json\/wp\/v2\/users\/3"}],"replies":[{"embeddable":true,"href":"https:\/\/plazajuarez.mx\/historico\/wp-json\/wp\/v2\/comments?post=27371"}],"version-history":[{"count":0,"href":"https:\/\/plazajuarez.mx\/historico\/wp-json\/wp\/v2\/posts\/27371\/revisions"}],"wp:attachment":[{"href":"https:\/\/plazajuarez.mx\/historico\/wp-json\/wp\/v2\/media?parent=27371"}],"wp:term":[{"taxonomy":"category","embeddable":true,"href":"https:\/\/plazajuarez.mx\/historico\/wp-json\/wp\/v2\/categories?post=27371"},{"taxonomy":"post_tag","embeddable":true,"href":"https:\/\/plazajuarez.mx\/historico\/wp-json\/wp\/v2\/tags?post=27371"}],"curies":[{"name":"wp","href":"https:\/\/api.w.org\/{rel}","templated":true}]}}