{"id":273705,"date":"2023-08-02T05:47:00","date_gmt":"2023-08-02T11:47:00","guid":{"rendered":"https:\/\/plazajuarez.mx\/?p=273705"},"modified":"2023-08-01T21:49:24","modified_gmt":"2023-08-02T03:49:24","slug":"amlo-confirma-acuerdo-bilateral-para-atender-a-migrantes","status":"publish","type":"post","link":"https:\/\/plazajuarez.mx\/historico\/amlo-confirma-acuerdo-bilateral-para-atender-a-migrantes\/","title":{"rendered":"AMLO confirma acuerdo bilateral para atender a migrantes\u00a0"},"content":{"rendered":"\n<p>El presidente mexicano, Andr\u00e9s Manuel L\u00f3pez Obrador, confirm\u00f3 este martes un acuerdo con Estados Unidos para que esa naci\u00f3n acepte solicitudes de asilo de migrantes que ya est\u00e1n en M\u00e9xico, que a su vez instalar\u00e1 un \u201cespacio internacional multiprop\u00f3sito\u201d en el sur del pa\u00eds para atender a extranjeros.<\/p>\n\n\n\n<p>\u201cLo est\u00e1 viendo la secretaria de Relaciones Exteriores, Alicia B\u00e1rcena, va a ir a Chiapas en esta semana, porque lo que se busca es que pueda haber opciones de trabajo, de capacitaci\u00f3n, para migrantes. Y al mismo tiempo que puedan hacer sus tr\u00e1mites para llegar a Estados Unidos los que lo deseen&#8221;, dijo el mandatario.<\/p>\n\n\n\n<p>El gobernante mexicano se refiri\u00f3 en su conferencia matutina al anuncio que hizo la Casa Blanca el viernes pasado, cuando indic\u00f3 que Estados Unidos aceptar\u00e1 peticiones de asilo de nacionales de Cuba, Hait\u00ed, Nicaragua y Venezuela que ya est\u00e1n en M\u00e9xico a la espera de cruzar a territorio estadounidense.<\/p>\n\n\n\n<p>El anuncio resulta de un acuerdo que llega d\u00edas despu\u00e9s de una reuni\u00f3n en Ciudad de M\u00e9xico entre una delegaci\u00f3n estadounidense y L\u00f3pez Obrador, seg\u00fan el comunicado del asesor de seguridad nacional de la Casa Blanca, Jake Sullivan.<\/p>\n\n\n\n<p>\u201cEn el caso de Estados Unidos, (su compromiso) es que los que est\u00e1n en M\u00e9xico que no pudieron en sus lugares de origen hacer sus tr\u00e1mites que los puedan hacer en M\u00e9xico para ir a Estados Unidos. S\u00ed, se va a abrir esa posibilidad para los que ya est\u00e1n&#8221;, detall\u00f3 ahora L\u00f3pez Obrador.<\/p>\n\n\n\n<p>El mandatario reconoci\u00f3 el compromiso de M\u00e9xico de crear un espacio en el sur del pa\u00eds para ofrecer nuevas opciones de asilo y de empleo a migrantes.<\/p>\n","protected":false},"excerpt":{"rendered":"<p>El presidente mexicano, Andr\u00e9s Manuel L\u00f3pez Obrador, confirm\u00f3 este martes un acuerdo con Estados Unidos para que esa naci\u00f3n acepte solicitudes de asilo de migrantes que ya est\u00e1n en M\u00e9xico, que a su vez instalar\u00e1 un \u201cespacio internacional multiprop\u00f3sito\u201d en el sur del pa\u00eds para atender a extranjeros. \u201cLo est\u00e1 viendo la secretaria de Relaciones [&hellip;]<\/p>\n","protected":false},"author":80,"featured_media":273706,"comment_status":"closed","ping_status":"closed","sticky":false,"template":"","format":"standard","meta":{"footnotes":""},"categories":[36],"tags":[],"class_list":["post-273705","post","type-post","status-publish","format-standard","has-post-thumbnail","hentry","category-nacion"],"_links":{"self":[{"href":"https:\/\/plazajuarez.mx\/historico\/wp-json\/wp\/v2\/posts\/273705","targetHints":{"allow":["GET"]}}],"collection":[{"href":"https:\/\/plazajuarez.mx\/historico\/wp-json\/wp\/v2\/posts"}],"about":[{"href":"https:\/\/plazajuarez.mx\/historico\/wp-json\/wp\/v2\/types\/post"}],"author":[{"embeddable":true,"href":"https:\/\/plazajuarez.mx\/historico\/wp-json\/wp\/v2\/users\/80"}],"replies":[{"embeddable":true,"href":"https:\/\/plazajuarez.mx\/historico\/wp-json\/wp\/v2\/comments?post=273705"}],"version-history":[{"count":0,"href":"https:\/\/plazajuarez.mx\/historico\/wp-json\/wp\/v2\/posts\/273705\/revisions"}],"wp:featuredmedia":[{"embeddable":true,"href":"https:\/\/plazajuarez.mx\/historico\/wp-json\/wp\/v2\/media\/273706"}],"wp:attachment":[{"href":"https:\/\/plazajuarez.mx\/historico\/wp-json\/wp\/v2\/media?parent=273705"}],"wp:term":[{"taxonomy":"category","embeddable":true,"href":"https:\/\/plazajuarez.mx\/historico\/wp-json\/wp\/v2\/categories?post=273705"},{"taxonomy":"post_tag","embeddable":true,"href":"https:\/\/plazajuarez.mx\/historico\/wp-json\/wp\/v2\/tags?post=273705"}],"curies":[{"name":"wp","href":"https:\/\/api.w.org\/{rel}","templated":true}]}}